{"id":12449,"date":"2025-10-15T22:58:25","date_gmt":"2025-10-15T21:58:25","guid":{"rendered":"https:\/\/informacionlocal.es\/el-cabildo-de-fuerteventura-aborda-la-salud-mental-de-forma-transversal-a-traves-de-unas-jornadas-formativas\/"},"modified":"2025-10-15T22:58:25","modified_gmt":"2025-10-15T21:58:25","slug":"el-cabildo-de-fuerteventura-aborda-la-salud-mental-de-forma-transversal-a-traves-de-unas-jornadas-formativas","status":"publish","type":"post","link":"https:\/\/informacionlocal.es\/en\/el-cabildo-de-fuerteventura-aborda-la-salud-mental-de-forma-transversal-a-traves-de-unas-jornadas-formativas\/","title":{"rendered":"El Cabildo de Fuerteventura aborda la salud mental de forma transversal a trav\u00e9s de unas jornadas formativas"},"content":{"rendered":"<div class=\"entry-content\"><strong>15 octubre, 2025<\/strong><\/p>\n<p><strong><em>La Consejer\u00eda de Acci\u00f3n Social, desde el SIPA, organiza esta iniciativa con la colaboraci\u00f3n del Servicio Canario de Salud y Asomasamen<\/em><\/strong><\/p>\n<p><strong><em>Se desarrollaron dos d\u00edas de reflexi\u00f3n y encuentro para avanzar hacia una sociedad m\u00e1s consciente, solidaria y comprometida con la salud mental<\/em><\/strong><\/p>\n<p>El Cabildo de Fuerteventura ha celebrado las Jornadas de Salud Mental durante los d\u00edas 14 y 15 de octubre en el Centro Insular de Juventud (Puerto del Rosario).<\/p>\n<p>La Consejer\u00eda de Acci\u00f3n Social, que dirige V\u00edctor Alonso, desde el Servicio de Informaci\u00f3n y Prevenci\u00f3n de Adicciones, ha organizado estas jornadas en el marco de la conmemoraci\u00f3n del D\u00eda Internacional de la Salud Mental (10 de octubre), con el objetivo de abordar la salud mental desde una perspectiva transversal con todos los agentes implicados. Ha contado con la colaboraci\u00f3n de todos los servicios de la Consejer\u00eda de Acci\u00f3n Social, as\u00ed como del Servicio Canario de Salud y la Asociaci\u00f3n Majorera por la Salud Mental (Asomasamen).<\/p>\n<p>El inicio de las jornadas cont\u00f3 con la intervenci\u00f3n del consejero de Acci\u00f3n Social, V\u00edctor Alonso, y el director del \u00c1rea de Salud de Fuerteventura, Tom\u00e1s P\u00e9rez, quienes destacaron la importancia de la salud mental como pilar esencial del bienestar que requiere un abordaje integral que involucre a toda la comunidad.\u00a0 \u201cPor eso son importantes este tipo de jornadas, que pretenden ofrecer herramientas y reflexi\u00f3n para seguir avanzando hacia una sociedad m\u00e1s consciente y saludable\u201d, apunt\u00f3 V\u00edctor Alonso.<\/p>\n<p><strong>Las ponencias<\/strong><\/p>\n<p>Durante la jornada del 14 de octubre, se dieron a conocer los recursos de salud mental disponibles en Fuerteventura, con una presentaci\u00f3n a cargo de representantes del Cabildo de Fuerteventura, Servicio Canario de Salud y Asomasamen.<\/p>\n<p>A continuaci\u00f3n, el psic\u00f3logo y autor de catorce libros, Tom\u00e1s Navarro, se encarg\u00f3 de ofrecer la ponencia \u201910 cosas que podr\u00edas hacer por tu salud mental\u2019. Un dec\u00e1logo que incluye conceptos como fomentar la creatividad y la curiosidad, o aprender del pasado con gratitud, como modo de fortalecer las emociones. Asimismo, el psiquiatra de la Unidad de Salud Mental de Infancia y Adolescencia del Hospital General de Fuerteventura, Manuel Ajoy, ofreci\u00f3 una charla sobre prevenci\u00f3n de conducta suicida en la poblaci\u00f3n infanto-juvenil.<\/p>\n<p>Adem\u00e1s, el conferenciante, David Rodr\u00edguez, se encarg\u00f3 de impartir una charla bajo el t\u00edtulo \u2018Lo m\u00edo no es normal\u2019, un lema que muestra al mundo que \u201ctodos somos diferentes, \u00fanicos y especiales\u201d. Rodr\u00edguez es fundador de Fundaci\u00f3n Pegasus, la primera fundaci\u00f3n del mundo que lucha contra la verdadera limitaci\u00f3n del ser humano: el miedo.<\/p>\n<p>La primera jornada concluy\u00f3 con \u2018El deporte como factor de riesgo o de protecci\u00f3n en la salud mental\u2019, a cargo de Jos\u00e9 Daniel Noda Caraballo, graduado en psicolog\u00eda y especializado en psicolog\u00eda de la actividad f\u00edsica y deporte.<\/p>\n<p>Por su parte, la jornada de hoy, 15 de octubre, comenz\u00f3 con una ponencia dedicada a la salud mental desde una mirada integral por Alma Serra, que dirige la Asociaci\u00f3n Espa\u00f1ola de Educaci\u00f3n Emocional. La psic\u00f3loga especializada en psicoterapia EMDR, directora y formadora de la especializaci\u00f3n en Gestalt y Bioenerg\u00e9tica, abord\u00f3 la salud mental y las emociones desde diferentes perspectivas como la antropolog\u00eda, la sociolog\u00eda o la educaci\u00f3n. Asimismo, se ofrecieron ponencias sobre la perspectiva de g\u00e9nero en salud mental por Elizabeth Moreno de Fundaci\u00f3n Canaria Yrichen y la influencia de la alimentaci\u00f3n por el experto en medicina Biorreguladora, Santiago Marrero.<\/p>\n<p>La \u00faltima ponencia corri\u00f3 a cargo de un grupo de psic\u00f3logos formado por Josu\u00e9 Tav\u00edo, Irene Torralvo y Javier Jos\u00e9 P\u00e9rez, que abordaron las claves para entender la ansiedad, el estr\u00e9s y la depresi\u00f3n desde el \u00e1mbito familiar. La mesa fue coordinada por Paola Andrea Lozano.<\/p>\n<\/div>\n","protected":false},"excerpt":{"rendered":"<p>15 octubre, 2025 La Consejer\u00eda de Acci\u00f3n Social, desde el SIPA, organiza esta iniciativa con la colaboraci\u00f3n del Servicio Canario de Salud y Asomasamen Se desarrollaron dos d\u00edas de reflexi\u00f3n [&hellip;]<\/p>\n","protected":false},"author":1,"featured_media":12451,"comment_status":"open","ping_status":"open","sticky":false,"template":"","format":"standard","meta":{"inline_featured_image":false,"jnews-multi-image_gallery":[],"jnews_single_post":[],"jnews_primary_category":[],"jnews_social_meta":[],"jnews_override_counter":[],"jnews_post_split":[],"footnotes":""},"categories":[58],"tags":[73,82],"class_list":["post-12449","post","type-post","status-publish","format-standard","has-post-thumbnail","hentry","category-cabildo","tag-educacion","tag-fuerteventura"],"jetpack_featured_media_url":"https:\/\/informacionlocal.es\/wp-content\/uploads\/2025\/10\/1760533042-6f8a77c729f592fc36b14f14cc74e85b.jpg","_links":{"self":[{"href":"https:\/\/informacionlocal.es\/en\/wp-json\/wp\/v2\/posts\/12449","targetHints":{"allow":["GET"]}}],"collection":[{"href":"https:\/\/informacionlocal.es\/en\/wp-json\/wp\/v2\/posts"}],"about":[{"href":"https:\/\/informacionlocal.es\/en\/wp-json\/wp\/v2\/types\/post"}],"author":[{"embeddable":true,"href":"https:\/\/informacionlocal.es\/en\/wp-json\/wp\/v2\/users\/1"}],"replies":[{"embeddable":true,"href":"https:\/\/informacionlocal.es\/en\/wp-json\/wp\/v2\/comments?post=12449"}],"version-history":[{"count":0,"href":"https:\/\/informacionlocal.es\/en\/wp-json\/wp\/v2\/posts\/12449\/revisions"}],"wp:featuredmedia":[{"embeddable":true,"href":"https:\/\/informacionlocal.es\/en\/wp-json\/wp\/v2\/media\/12451"}],"wp:attachment":[{"href":"https:\/\/informacionlocal.es\/en\/wp-json\/wp\/v2\/media?parent=12449"}],"wp:term":[{"taxonomy":"category","embeddable":true,"href":"https:\/\/informacionlocal.es\/en\/wp-json\/wp\/v2\/categories?post=12449"},{"taxonomy":"post_tag","embeddable":true,"href":"https:\/\/informacionlocal.es\/en\/wp-json\/wp\/v2\/tags?post=12449"}],"curies":[{"name":"wp","href":"https:\/\/api.w.org\/{rel}","templated":true}]}}