{"id":12437,"date":"2025-10-15T20:58:22","date_gmt":"2025-10-15T19:58:22","guid":{"rendered":"https:\/\/informacionlocal.es\/taller-iniciacion-a-la-lana\/"},"modified":"2025-10-15T20:58:22","modified_gmt":"2025-10-15T19:58:22","slug":"taller-iniciacion-a-la-lana","status":"publish","type":"post","link":"https:\/\/informacionlocal.es\/en\/taller-iniciacion-a-la-lana\/","title":{"rendered":"Taller \u201cIniciaci\u00f3n a la lana\u201d"},"content":{"rendered":"<div class=\"entry-content\"><strong>15 octubre, 2025<\/strong><\/p>\n<p><strong>El taller \u201cIniciaci\u00f3n a<br \/>\nla lana\u201d se celebrar\u00e1 en el Centro cultural de Valle de Santa In\u00e9s dentro del<br \/>\nproyecto EnRedarte, en el marco de las Jornadas de Agroecolog\u00eda<\/strong><\/p>\n<p>El Cabildo de Fuerteventura, a<br \/>\ntrav\u00e9s de la Consejer\u00eda de Artesan\u00eda que dirige Lolina Negr\u00edn, impulsa la<br \/>\nrecuperaci\u00f3n y transmisi\u00f3n de oficios tradicionales con la celebraci\u00f3n del <strong>\u201cTaller de Iniciaci\u00f3n<br \/>\na la lana<\/strong><strong>\u201d<\/strong>,<br \/>\nque se desarrollar\u00e1 los d\u00edas<strong>lunes 27, martes 28 y mi\u00e9rcoles 29 de octubre<\/strong>en el<strong>Centro Cultural de Valle de Santa In\u00e9s<\/strong>, en<br \/>\nel marco de las<strong>Jornadas de Agroecolog\u00eda<\/strong><strong>.<\/strong><\/p>\n<p>El taller, enmarcado en el<br \/>\nprograma EnRedarte, ser\u00e1 impartido por la artesana <strong>Beatriz Ballester<br \/>\nMor\u00f3n<\/strong><strong>,<\/strong> especialista en hilado de lana y fieltro,<br \/>\nreconocida por su labor en la preservaci\u00f3n de t\u00e9cnicas artesanas tradicionales.<\/p>\n<p>El hilado de lana forma parte<br \/>\nde las manifestaciones culturales m\u00e1s arraigadas en Fuerteventura. Este oficio,<br \/>\nque durante siglos ha sido fundamental para la elaboraci\u00f3n de piezas textiles<br \/>\nen la sociedad majorera, constituye un valioso patrimonio inmaterial que hoy<br \/>\nrequiere iniciativas activas para su preservaci\u00f3n. A trav\u00e9s de este taller se<br \/>\npretende <strong>fomentar<br \/>\nel conocimiento de las t\u00e9cnicas tradicionales<\/strong><strong>, <\/strong>adem\u00e1s de<br \/>\n<strong>promover<br \/>\nla incorporaci\u00f3n de nuevas generaciones<\/strong> al sector artesanal.<\/p>\n<p>Con este tipo de actividades, el Cabildo de Fuerteventura refuerza su compromiso con la <strong>divulgaci\u00f3n y revitalizaci\u00f3n de los oficios tradicionales<\/strong>, como actividad econ\u00f3mica y elemento clave en la identidad cultural de la isla.<\/p>\n<\/div>\n","protected":false},"excerpt":{"rendered":"<p>15 octubre, 2025 El taller \u201cIniciaci\u00f3n a la lana\u201d se celebrar\u00e1 en el Centro cultural de Valle de Santa In\u00e9s dentro del proyecto EnRedarte, en el marco de las Jornadas [&hellip;]<\/p>\n","protected":false},"author":1,"featured_media":12439,"comment_status":"open","ping_status":"open","sticky":false,"template":"","format":"standard","meta":{"inline_featured_image":false,"jnews-multi-image_gallery":[],"jnews_single_post":[],"jnews_primary_category":[],"jnews_social_meta":[],"jnews_override_counter":[],"jnews_post_split":[],"footnotes":""},"categories":[58],"tags":[82],"class_list":["post-12437","post","type-post","status-publish","format-standard","has-post-thumbnail","hentry","category-cabildo","tag-fuerteventura"],"jetpack_featured_media_url":"https:\/\/informacionlocal.es\/wp-content\/uploads\/2025\/10\/cartel-taller-de-lana-final_qr-scaled.jpg","_links":{"self":[{"href":"https:\/\/informacionlocal.es\/en\/wp-json\/wp\/v2\/posts\/12437","targetHints":{"allow":["GET"]}}],"collection":[{"href":"https:\/\/informacionlocal.es\/en\/wp-json\/wp\/v2\/posts"}],"about":[{"href":"https:\/\/informacionlocal.es\/en\/wp-json\/wp\/v2\/types\/post"}],"author":[{"embeddable":true,"href":"https:\/\/informacionlocal.es\/en\/wp-json\/wp\/v2\/users\/1"}],"replies":[{"embeddable":true,"href":"https:\/\/informacionlocal.es\/en\/wp-json\/wp\/v2\/comments?post=12437"}],"version-history":[{"count":0,"href":"https:\/\/informacionlocal.es\/en\/wp-json\/wp\/v2\/posts\/12437\/revisions"}],"wp:featuredmedia":[{"embeddable":true,"href":"https:\/\/informacionlocal.es\/en\/wp-json\/wp\/v2\/media\/12439"}],"wp:attachment":[{"href":"https:\/\/informacionlocal.es\/en\/wp-json\/wp\/v2\/media?parent=12437"}],"wp:term":[{"taxonomy":"category","embeddable":true,"href":"https:\/\/informacionlocal.es\/en\/wp-json\/wp\/v2\/categories?post=12437"},{"taxonomy":"post_tag","embeddable":true,"href":"https:\/\/informacionlocal.es\/en\/wp-json\/wp\/v2\/tags?post=12437"}],"curies":[{"name":"wp","href":"https:\/\/api.w.org\/{rel}","templated":true}]}}