{"id":12407,"date":"2025-10-15T15:58:34","date_gmt":"2025-10-15T14:58:34","guid":{"rendered":"https:\/\/informacionlocal.es\/el-alcalde-de-antigua-da-la-bienvenida-al-nuevo-sacerdote-en-la-parroquia\/"},"modified":"2025-10-15T15:58:34","modified_gmt":"2025-10-15T14:58:34","slug":"el-alcalde-de-antigua-da-la-bienvenida-al-nuevo-sacerdote-en-la-parroquia","status":"publish","type":"post","link":"https:\/\/informacionlocal.es\/en\/el-alcalde-de-antigua-da-la-bienvenida-al-nuevo-sacerdote-en-la-parroquia\/","title":{"rendered":"El alcalde de Antigua da la bienvenida al nuevo sacerdote en la parroquia"},"content":{"rendered":"<div class=\"elementor-widget-container\">\n<p><strong>El alcalde de Antigua da la bienvenida al nuevo sacerdote en la parroquia<\/strong><\/p>\n<p><strong>\u2022 El presb\u00edtero Eladio G. S\u00e1nchez Calder\u00f3n tom\u00f3 posesi\u00f3n como nuevo p\u00e1rroco de Antigua en el mes de septiembre.<\/strong><br \/><strong>\u2022 El nuevo p\u00e1rroco se presenta cercano y entusiasta de conocer cada pueblo del Municipio.<\/strong><\/p>\n<p>El alcalde, Mat\u00edas Pe\u00f1a Garc\u00eda recibe y da la bienvenida al nuevo sacerdote en la parroquia de Antigua, el presb\u00edtero Eladio Gregorio S\u00e1nchez Calder\u00f3n, que recientemente tomaba posesi\u00f3n en el Municipio.<\/p>\n<p>El alcalde agradec\u00eda al nuevo p\u00e1rroco su colaboraci\u00f3n en las fiestas patronales celebradas en cada pueblo del Municipio desde el mes de septiembre.<\/p>\n<p>Cercan\u00eda a los vecinos y vecinas, as\u00ed como una magn\u00edfica disposici\u00f3n a colaborar con el Ayuntamiento de Antigua, es lo que ha manifestado el p\u00e1rroco S\u00e1nchez Calder\u00f3n en este primer encuentro, se\u00f1ala el alcalde, traslad\u00e1ndole a su vez, como venimos haciendo siempre, nuestra disposici\u00f3n para ayudar en lo que precise, detallando el trabajo de colaboraci\u00f3n en las tareas de mantenimiento, embellecimiento o mejoras que precisen la parroquia.<\/p>\n<p>\u00a0<\/p>\n<\/div>\n","protected":false},"excerpt":{"rendered":"<p><strong>El alcalde de Antigua da la bienvenida al nuevo sacerdote en la parroquia<\/strong><\/p>\n","protected":false},"author":1,"featured_media":12409,"comment_status":"open","ping_status":"open","sticky":false,"template":"","format":"standard","meta":{"inline_featured_image":false,"jnews-multi-image_gallery":[],"jnews_single_post":[],"jnews_primary_category":[],"jnews_social_meta":[],"jnews_override_counter":[],"jnews_post_split":[],"footnotes":""},"categories":[59],"tags":[],"class_list":["post-12407","post","type-post","status-publish","format-standard","has-post-thumbnail","hentry","category-antigua"],"jetpack_featured_media_url":"https:\/\/informacionlocal.es\/wp-content\/uploads\/2025\/10\/el-alcalde-da-la-bienvenida-al-nuevo-parroco-del-municipio-2-scaled-1.jpg","_links":{"self":[{"href":"https:\/\/informacionlocal.es\/en\/wp-json\/wp\/v2\/posts\/12407","targetHints":{"allow":["GET"]}}],"collection":[{"href":"https:\/\/informacionlocal.es\/en\/wp-json\/wp\/v2\/posts"}],"about":[{"href":"https:\/\/informacionlocal.es\/en\/wp-json\/wp\/v2\/types\/post"}],"author":[{"embeddable":true,"href":"https:\/\/informacionlocal.es\/en\/wp-json\/wp\/v2\/users\/1"}],"replies":[{"embeddable":true,"href":"https:\/\/informacionlocal.es\/en\/wp-json\/wp\/v2\/comments?post=12407"}],"version-history":[{"count":0,"href":"https:\/\/informacionlocal.es\/en\/wp-json\/wp\/v2\/posts\/12407\/revisions"}],"wp:featuredmedia":[{"embeddable":true,"href":"https:\/\/informacionlocal.es\/en\/wp-json\/wp\/v2\/media\/12409"}],"wp:attachment":[{"href":"https:\/\/informacionlocal.es\/en\/wp-json\/wp\/v2\/media?parent=12407"}],"wp:term":[{"taxonomy":"category","embeddable":true,"href":"https:\/\/informacionlocal.es\/en\/wp-json\/wp\/v2\/categories?post=12407"},{"taxonomy":"post_tag","embeddable":true,"href":"https:\/\/informacionlocal.es\/en\/wp-json\/wp\/v2\/tags?post=12407"}],"curies":[{"name":"wp","href":"https:\/\/api.w.org\/{rel}","templated":true}]}}