{"id":12395,"date":"2025-10-15T13:58:44","date_gmt":"2025-10-15T12:58:44","guid":{"rendered":"https:\/\/informacionlocal.es\/candil-de-cuentos-regresa-este-viernes-con-pan-platano-y-perras-pal-cine\/"},"modified":"2025-10-15T13:58:44","modified_gmt":"2025-10-15T12:58:44","slug":"candil-de-cuentos-regresa-este-viernes-con-pan-platano-y-perras-pal-cine","status":"publish","type":"post","link":"https:\/\/informacionlocal.es\/en\/candil-de-cuentos-regresa-este-viernes-con-pan-platano-y-perras-pal-cine\/","title":{"rendered":"Candil de Cuentos regresa este viernes con Pan, pl\u00e1tano y perras pa\u2019l cine"},"content":{"rendered":"<div class=\"elementor-widget-container\">\n<p><strong>Candil de Cuentos regresa este viernes con Pan, pl\u00e1tano y perras pa\u2019l cine<\/strong><\/p>\n<p><strong>\u2022 El programa de narraci\u00f3n oral para adultos ofrece una cita a la luz de candiles cada viernes a las 19:30 horas en el patio de la Biblioteca Municipal de Antigua, El Port\u00f3n. <\/strong><br \/><strong>\u2022 Candil de Cuentos permite tambi\u00e9n disfrutar cada jueves del taller Donde habitan las historias que imparte la conocida narradora GemaGe. <\/strong><br \/><strong>\u2022 De Lanzarote llega la narradora Isabel Cabrera a contarnos historias de Pan, pl\u00e1tano y perras pa\u2019l cine.<\/strong><\/p>\n<p>El Ayuntamiento de Antigua desde la concejal\u00eda de Cultura organiza, anuncia e invita a disfrutar cada viernes por la tarde del programa Candil de Cuentos que cumple su quinta edici\u00f3n de la mano y direcci\u00f3n art\u00edstica de Gema Guti\u00e9rrez Escobar.<\/p>\n<p>Si los viernes es la cita para escuchar sentados las historias narradas por algunos y algunas de las mejores cuenta cuentos de las islas, los jueves es el d\u00eda del taller creativo \u2018Donde habitan las historias\u2019 en el que la creatividad y expresiones son la base para contar historias propias el d\u00eda de ma\u00f1ana, afirma el concejal de Cultura, Jonathan Pe\u00f1a.<\/p>\n<p>El alcalde, Mat\u00edas Pe\u00f1a invita a disfrutar cada viernes por la tarde en el rinc\u00f3n recogido y c\u00e1lido que ofrece el patio de la Biblioteca de Antigua, de unos cuentos contados que de por s\u00edi son buenas historias, pero que alcanzan al espectador por c\u00f3mo son narradas.<\/p>\n<p>Las Bibliotecas Municipales deben ser tambi\u00e9n centros de creaci\u00f3n y desarrollo art\u00edstico y cultural, en las que organizar citas como Candil de Cuentos, y ampliar su servicio p\u00fablico m\u00e1s all\u00e1 del pr\u00e9stamo de libros y salas de estudio, a\u00f1ade el alcalde.<\/p>\n<p>Pan, pl\u00e1tano y perras pa\u2019l cine, con este refr\u00e1n popular, la narradora Isabel Cabrera nos invita este viernes 17 de octubre, a un viaje en el tiempo donde no exist\u00edan los m\u00f3viles, pero la radio evocaba voces lejanas, se dorm\u00eda sobre colchones de paja, el santo se llevaba de casa en casa y los muertos se velaban en el sal\u00f3n con rezos hasta la madrugada. Y a\u00f1ade Gema Guti\u00e9rrez, nos hablar\u00e1 de sus abuelas, la del Puerto y la de Tinajo, y del tiempo que les toc\u00f3 vivir, de pies descalzos, ropa remendada y manos artesanas.<\/p>\n<p>\u00a0<\/p>\n<\/div>\n","protected":false},"excerpt":{"rendered":"<p><strong>Candil de Cuentos regresa este viernes con Pan, pl\u00e1tano y perras pa\u2019l cine<\/strong><\/p>\n","protected":false},"author":1,"featured_media":12397,"comment_status":"open","ping_status":"open","sticky":false,"template":"","format":"standard","meta":{"inline_featured_image":false,"jnews-multi-image_gallery":[],"jnews_single_post":[],"jnews_primary_category":[],"jnews_social_meta":[],"jnews_override_counter":[],"jnews_post_split":[],"footnotes":""},"categories":[59],"tags":[],"class_list":["post-12395","post","type-post","status-publish","format-standard","has-post-thumbnail","hentry","category-antigua"],"jetpack_featured_media_url":"https:\/\/informacionlocal.es\/wp-content\/uploads\/2025\/10\/candil-de-cuentos-este-viernes-17-de-octubre-scaled-1.jpg","_links":{"self":[{"href":"https:\/\/informacionlocal.es\/en\/wp-json\/wp\/v2\/posts\/12395","targetHints":{"allow":["GET"]}}],"collection":[{"href":"https:\/\/informacionlocal.es\/en\/wp-json\/wp\/v2\/posts"}],"about":[{"href":"https:\/\/informacionlocal.es\/en\/wp-json\/wp\/v2\/types\/post"}],"author":[{"embeddable":true,"href":"https:\/\/informacionlocal.es\/en\/wp-json\/wp\/v2\/users\/1"}],"replies":[{"embeddable":true,"href":"https:\/\/informacionlocal.es\/en\/wp-json\/wp\/v2\/comments?post=12395"}],"version-history":[{"count":0,"href":"https:\/\/informacionlocal.es\/en\/wp-json\/wp\/v2\/posts\/12395\/revisions"}],"wp:featuredmedia":[{"embeddable":true,"href":"https:\/\/informacionlocal.es\/en\/wp-json\/wp\/v2\/media\/12397"}],"wp:attachment":[{"href":"https:\/\/informacionlocal.es\/en\/wp-json\/wp\/v2\/media?parent=12395"}],"wp:term":[{"taxonomy":"category","embeddable":true,"href":"https:\/\/informacionlocal.es\/en\/wp-json\/wp\/v2\/categories?post=12395"},{"taxonomy":"post_tag","embeddable":true,"href":"https:\/\/informacionlocal.es\/en\/wp-json\/wp\/v2\/tags?post=12395"}],"curies":[{"name":"wp","href":"https:\/\/api.w.org\/{rel}","templated":true}]}}