{"id":12383,"date":"2025-10-15T00:59:32","date_gmt":"2025-10-14T23:59:32","guid":{"rendered":"https:\/\/informacionlocal.es\/viales-de-costa-de-antigua-sin-baches-ni-pinacha\/"},"modified":"2025-10-15T00:59:32","modified_gmt":"2025-10-14T23:59:32","slug":"viales-de-costa-de-antigua-sin-baches-ni-pinacha","status":"publish","type":"post","link":"https:\/\/informacionlocal.es\/en\/viales-de-costa-de-antigua-sin-baches-ni-pinacha\/","title":{"rendered":"Viales de Costa de Antigua sin baches ni pinacha"},"content":{"rendered":"<div class=\"elementor-widget-container\">\n<div class=\"wp-video\"><video class=\"wp-video-shortcode\" id=\"video-9362-1\" width=\"800\" height=\"451\" preload=\"metadata\" controls=\"controls\"><source type=\"video\/mp4\" src=\"https:\/\/ayto-antigua.es\/wp-content\/uploads\/2025\/10\/Video-de-WhatsApp-2025-10-14-a-las-10.43.32_6fe270bc.mp4?_=1\" \/><\/video><\/div>\n<p><strong>\u2022 El concejal de Medio Ambiente destaca la labor diaria de los operarios en el barrido de calles, retirada de restos y limpieza de los viales y calles.<\/strong><br \/><strong>\u2022 Una barredora retira la pinacha de la calzada, a su vez, que se uniforma el firme, cubriendo peque\u00f1os baches en el asfaltado.<\/strong><\/p>\n<p>El alcalde de Antigua, Mat\u00edas Pe\u00f1a y el concejal de Medio Ambiente, Juan Cabrera, han comprobado la actuaci\u00f3n que se viene desarrollando en los viales de Costa de Antigua, reforzando la limpieza diaria de las calles con una barredora que recorre los viales m\u00e1s afectados por la ca\u00edda de pinacha.<\/p>\n<p>A su vez, el concejal Juan Cabrera, coordina una actuaci\u00f3n de embellecimiento, reparando los baches en el asfalto de las distintas calles de Costa de Antigua, aportando m\u00e1s seguridad al paso de veh\u00edculos.<\/p>\n<p>Una peque\u00f1a actuaci\u00f3n con un resultado eficaz, que aporta seguridad y embellece la localidad de Costa de Antigua, y a\u00f1ade el concejal, felicito especialmente a los operarios de limpieza que a pie de calle retiran diariamente los restos y basuras que puedan encontrar y que son los verdaderos protagonistas de que esta localidad este m\u00e1s limpia que nunca, tanto solares, como calles y accesos.<\/p>\n<p>En la limpieza todos debemos aportar, concluye el concejal, evitando tirar restos y basura donde no corresponde, as\u00ed como en la retirada de los restos que dejan las mascotas, comport\u00e1ndonos de forma responsable y c\u00edvica pensando en el respeto a todos los vecinos y vecinas.<\/p>\n<\/div>\n","protected":false},"excerpt":{"rendered":"<p>\u2022 El concejal de Medio Ambiente destaca la labor diaria de los operarios en el barrido de calles, retirada de restos y limpieza de los viales y calles.\u2022 Una barredora [&hellip;]<\/p>\n","protected":false},"author":1,"featured_media":12385,"comment_status":"open","ping_status":"open","sticky":false,"template":"","format":"standard","meta":{"inline_featured_image":false,"jnews-multi-image_gallery":[],"jnews_single_post":[],"jnews_primary_category":[],"jnews_social_meta":[],"jnews_override_counter":[],"jnews_post_split":[],"footnotes":""},"categories":[59],"tags":[76],"class_list":["post-12383","post","type-post","status-publish","format-standard","has-post-thumbnail","hentry","category-antigua","tag-medio-ambiente"],"jetpack_featured_media_url":"https:\/\/informacionlocal.es\/wp-content\/uploads\/2025\/10\/20251009_111058-scaled-1.jpg","_links":{"self":[{"href":"https:\/\/informacionlocal.es\/en\/wp-json\/wp\/v2\/posts\/12383","targetHints":{"allow":["GET"]}}],"collection":[{"href":"https:\/\/informacionlocal.es\/en\/wp-json\/wp\/v2\/posts"}],"about":[{"href":"https:\/\/informacionlocal.es\/en\/wp-json\/wp\/v2\/types\/post"}],"author":[{"embeddable":true,"href":"https:\/\/informacionlocal.es\/en\/wp-json\/wp\/v2\/users\/1"}],"replies":[{"embeddable":true,"href":"https:\/\/informacionlocal.es\/en\/wp-json\/wp\/v2\/comments?post=12383"}],"version-history":[{"count":0,"href":"https:\/\/informacionlocal.es\/en\/wp-json\/wp\/v2\/posts\/12383\/revisions"}],"wp:featuredmedia":[{"embeddable":true,"href":"https:\/\/informacionlocal.es\/en\/wp-json\/wp\/v2\/media\/12385"}],"wp:attachment":[{"href":"https:\/\/informacionlocal.es\/en\/wp-json\/wp\/v2\/media?parent=12383"}],"wp:term":[{"taxonomy":"category","embeddable":true,"href":"https:\/\/informacionlocal.es\/en\/wp-json\/wp\/v2\/categories?post=12383"},{"taxonomy":"post_tag","embeddable":true,"href":"https:\/\/informacionlocal.es\/en\/wp-json\/wp\/v2\/tags?post=12383"}],"curies":[{"name":"wp","href":"https:\/\/api.w.org\/{rel}","templated":true}]}}