{"id":12365,"date":"2025-10-14T21:58:56","date_gmt":"2025-10-14T20:58:56","guid":{"rendered":"https:\/\/informacionlocal.es\/la-ii-jornada-tecnica-medioambiental-del-cabildo-busca-acciones-concretas-frente-a-los-retos-ambientales-de-las-islas\/"},"modified":"2025-10-14T21:58:56","modified_gmt":"2025-10-14T20:58:56","slug":"la-ii-jornada-tecnica-medioambiental-del-cabildo-busca-acciones-concretas-frente-a-los-retos-ambientales-de-las-islas","status":"publish","type":"post","link":"https:\/\/informacionlocal.es\/en\/la-ii-jornada-tecnica-medioambiental-del-cabildo-busca-acciones-concretas-frente-a-los-retos-ambientales-de-las-islas\/","title":{"rendered":"La II Jornada T\u00e9cnica Medioambiental del Cabildo busca acciones concretas frente a los retos ambientales de las islas"},"content":{"rendered":"<div class=\"entry-content\"><strong>14 octubre, 2025<\/strong><\/p>\n<p><em><strong>La relaci\u00f3n entre el clima, el aire y los oc\u00e9anos centran estas segundas jornadas, con la participaci\u00f3n de investigadores y expertos en la materia<\/strong><\/em><\/p>\n<p>Diferentes investigadores abordaron hoy la relaci\u00f3n entre el cambio clim\u00e1tico, la atm\u00f3sfera y los ecosistemas marinos, durante la Jornada T\u00e9cnica Medioambiental del Cabildo de Fuerteventura, celebrada en el Palacio de Formaci\u00f3n y Congresos de Fuerteventura.<\/p>\n<p>Esta iniciativa forma parte del programa de conferencias, jornadas y cursos medioambientales de la Consejer\u00eda de Medio Ambiente, y cont\u00f3 con una apertura institucional a cargo de la presidenta insular, Lola Garc\u00eda, el consejero de Medio Ambiente, Carlos Rodr\u00edguez, y la consejera de Reserva de la Biosfera y Econom\u00eda Azul, Marlene Figueroa.<\/p>\n<p>Lola Garc\u00eda expres\u00f3 el compromiso de estas jornadas \u201ccon la tierra que habitamos y el mar que nos rodea. No s\u00f3lo hablamos de proteger la naturaleza, sino de cuidar nuestro modo de vida, nuestra identidad y el futuro de quienes vendr\u00e1n despu\u00e9s\u201d. \u201cFuerteventura quiere ser ejemplo de equilibrio, respeto y de innovaci\u00f3n ambiental y eso s\u00f3lo se consigue con planificaci\u00f3n, cooperaci\u00f3n y el trabajo constante de quienes est\u00e1n sobre el terreno\u201d.<\/p>\n<p>Carlos Rodr\u00edguez ha puesto en valor \u201cunas jornadas que desarrolla el \u00e1rea de Medio Ambiente del Cabildo, cuyo objetivo es generar conocimiento, reflexi\u00f3n y acci\u00f3n ante los grandes retos ambientales de nuestro tiempo\u201d. \u201cUnas jornadas que no surgen por casualidad, sino que son parte de un cambio iniciado hace tiempo, cuando decidimos que la sostenibilidad deb\u00eda dejar de ser un discurso y convertirse en una pr\u00e1ctica diaria\u201d.<\/p>\n<p>Por su parte, Marlene Figueroa felicit\u00f3 al \u00e1rea de Medio Ambiente por crear un espacio dise\u00f1ado para transformar el conocimiento en acciones concretas, tal como nos recuerda el lema que nos gu\u00eda hoy: Clima, aire y oc\u00e9anos: conocimiento para la acci\u00f3n. \u201cSe abre un espacio de debate, apostando por la ciencia, sacando conclusiones que se trasladen a Fuerteventura y Canarias, haci\u00e9ndonos avanzar en los retos que tenemos por delante. Desde la Reserva de la Biosfera participamos para que, de estas conclusiones, podamos marcar la hoja de ruta necesaria frente a estos retos\u201d.<\/p>\n<p>La primera ponencia corri\u00f3 a cargo de Sergio Rodr\u00edguez, miembro del Consejo Superior de Investigaciones Cient\u00edficas (CSIC), quien abord\u00f3 la vigilancia de la composici\u00f3n del aire a trav\u00e9s del Laboratorio de Calidad del Aire de Canarias. Rodr\u00edguez explic\u00f3 c\u00f3mo est\u00e1 cambiando la composici\u00f3n de la atm\u00f3sfera a causa de la acci\u00f3n del hombre y cu\u00e1les son las implicaciones en la calidad del aire que afectan a los ecosistemas y al clima.<\/p>\n<p>\u201cCanarias cuenta con muy buena calidad del aire, debido al bajo nivel de aerosoles, pero esta situaci\u00f3n cambia bajo determinadas situaciones si nos acercamos a zonas urbanas, focos de producci\u00f3n de energ\u00eda con uso de carburantes f\u00f3siles y otras circunstancias como los incendios forestales o la erupci\u00f3n volc\u00e1nica en La Palma. De ah\u00ed la necesidad de crear un Laboratorio de Calidad del Aire, para analizar las muestras\u201d, expres\u00f3 el investigador.<\/p>\n<p>A continuaci\u00f3n, la investigadora del Instituto Espa\u00f1ol de Oceanograf\u00eda (IEO-CSIC) en el Centro Oceanogr\u00e1fico de Canarias imparti\u00f3 la charla \u2018De la atm\u00f3sfera al oc\u00e9ano: Impacto de la calima en los ecosistemas marinos\u2019. Su investigaci\u00f3n se centra en comprender c\u00f3mo los microorganismos marinos responden a procesos de fertilizaci\u00f3n natural del oc\u00e9ano, con el aporte de nutrientes mediante la calima o los fluidos hidrotermales asociados a volcanes submarinos. Por su parte, el investigador del CSIC-IEO, Francisco Abascal, abord\u00f3 el reto de la gesti\u00f3n pesquera ante el cambio clim\u00e1tico. Adem\u00e1s de su labor acad\u00e9mica, una parte importante de su trabajo se enfoca en el seguimiento de pesquer\u00edas de t\u00fanidos tropicales, provisi\u00f3n de datos y el asesoramiento cient\u00edfico a la administraci\u00f3n espa\u00f1ola y europea.<\/p>\n<p>El encuentro culmin\u00f3 con una mesa redonda con la participaci\u00f3n de los tres investigadores y Jos\u00e9 Domingo Fern\u00e1ndez, director insular de Desarrollo Econ\u00f3mico, Transici\u00f3n Ecol\u00f3gica, Sostenibilidad Ambiental y Reserva de la Biosfera, para poner en com\u00fan ideas y propuestas para enfrentar el reto medioambiental.<\/p>\n<\/div>\n","protected":false},"excerpt":{"rendered":"<p>14 octubre, 2025 La relaci\u00f3n entre el clima, el aire y los oc\u00e9anos centran estas segundas jornadas, con la participaci\u00f3n de investigadores y expertos en la materia Diferentes investigadores abordaron [&hellip;]<\/p>\n","protected":false},"author":1,"featured_media":12367,"comment_status":"open","ping_status":"open","sticky":false,"template":"","format":"standard","meta":{"inline_featured_image":false,"jnews-multi-image_gallery":[],"jnews_single_post":[],"jnews_primary_category":[],"jnews_social_meta":[],"jnews_override_counter":[],"jnews_post_split":[],"footnotes":""},"categories":[58],"tags":[82,76],"class_list":["post-12365","post","type-post","status-publish","format-standard","has-post-thumbnail","hentry","category-cabildo","tag-fuerteventura","tag-medio-ambiente"],"jetpack_featured_media_url":"https:\/\/informacionlocal.es\/wp-content\/uploads\/2025\/10\/1760435890-0b82deec40eccec07e1c822092b27b5e.jpg","_links":{"self":[{"href":"https:\/\/informacionlocal.es\/en\/wp-json\/wp\/v2\/posts\/12365","targetHints":{"allow":["GET"]}}],"collection":[{"href":"https:\/\/informacionlocal.es\/en\/wp-json\/wp\/v2\/posts"}],"about":[{"href":"https:\/\/informacionlocal.es\/en\/wp-json\/wp\/v2\/types\/post"}],"author":[{"embeddable":true,"href":"https:\/\/informacionlocal.es\/en\/wp-json\/wp\/v2\/users\/1"}],"replies":[{"embeddable":true,"href":"https:\/\/informacionlocal.es\/en\/wp-json\/wp\/v2\/comments?post=12365"}],"version-history":[{"count":0,"href":"https:\/\/informacionlocal.es\/en\/wp-json\/wp\/v2\/posts\/12365\/revisions"}],"wp:featuredmedia":[{"embeddable":true,"href":"https:\/\/informacionlocal.es\/en\/wp-json\/wp\/v2\/media\/12367"}],"wp:attachment":[{"href":"https:\/\/informacionlocal.es\/en\/wp-json\/wp\/v2\/media?parent=12365"}],"wp:term":[{"taxonomy":"category","embeddable":true,"href":"https:\/\/informacionlocal.es\/en\/wp-json\/wp\/v2\/categories?post=12365"},{"taxonomy":"post_tag","embeddable":true,"href":"https:\/\/informacionlocal.es\/en\/wp-json\/wp\/v2\/tags?post=12365"}],"curies":[{"name":"wp","href":"https:\/\/api.w.org\/{rel}","templated":true}]}}