{"id":12359,"date":"2025-10-14T20:58:27","date_gmt":"2025-10-14T19:58:27","guid":{"rendered":"https:\/\/informacionlocal.es\/la-oliva-trabaja-en-mas-de-500-nuevas-plazas-de-aparcamiento-en-corralejo\/"},"modified":"2025-10-14T20:58:27","modified_gmt":"2025-10-14T19:58:27","slug":"la-oliva-trabaja-en-mas-de-500-nuevas-plazas-de-aparcamiento-en-corralejo","status":"publish","type":"post","link":"https:\/\/informacionlocal.es\/en\/la-oliva-trabaja-en-mas-de-500-nuevas-plazas-de-aparcamiento-en-corralejo\/","title":{"rendered":"La Oliva trabaja en m\u00e1s de 500 nuevas plazas de aparcamiento en Corralejo"},"content":{"rendered":"<p>Nuevas plazas de aparcamiento en Corralejo. El Ayuntamiento de La Oliva trabaja en la creaci\u00f3n de m\u00e1s de 500 plazas de parking en la localidad del norte. Este compromiso del gobierno local se desarrollar\u00e1 a trav\u00e9s de dos proyectos. El primero, que ya se encuentra en fase de licitaci\u00f3n y est\u00e1 financiado por la Consejer\u00eda de Obras P\u00fablicas del Gobierno de Canarias, se realizar\u00e1 en los alrededores de la Estaci\u00f3n de Guaguas de Corralejo, con una estructura modular de 364 plazas dividida en dos plantas de 5000 metros cuadrados en total. Una vez licitada la obra, su ejecuci\u00f3n durar\u00e1 un m\u00e1ximo de 7 meses en finalizar.<\/p>\n<p>Por otro lado, el segundo proyecto se llevar\u00e1 a cabo en calle Palangre, al lado del dep\u00f3sito del CAAF siendo, en esta ocasi\u00f3n, un total de 164 plazas que todav\u00eda se encuentra por licitar. <\/p>\n<p>El alcalde de La Oliva, Isa\u00ed Blanco, se\u00f1ala la necesidad de avanzar en ambos proyectos: \u201cContinuamos trabajando en el compromiso del grupo de gobierno de proporcionar no solo m\u00e1s viviendas a la ciudadan\u00eda del municipio, sino tambi\u00e9n nuevas plazas de parking en Corralejo. Somos conscientes de que se trata de un punto importante para nuestros vecinos y vecinas de la zona norte por lo que, este aspecto se ha convertido en un asunto vital que se materializar\u00e1 en 7 meses desde que se licite el contrato.\u201d <\/p>\n<p>\u201cEl objetivo no es otro que mejorar la calidad de vida del pueblo, con m\u00e1s viviendas, m\u00e1s plazas de aparcamiento de forma accesible para los ciudadanos del municipio\u201d, declara Blanco. <\/p>\n<p>Un planteamiento que se suma a la construcci\u00f3n de las 125 viviendas que suman las obras de La Bocaina y Panorama Tres Islas y que pretende ajustarse a la nueva realidad de La Oliva.<\/p>\n","protected":false},"excerpt":{"rendered":"<p><span>El Consistorio trabaja en dos proyectos, uno en las inmediaciones de la Estaci\u00f3n de Guaguas, y otro en Calle Palangre que mejorar\u00e1, de manera notoria, la situaci\u00f3n del parking en la localidad costera<\/span><\/p>\n","protected":false},"author":1,"featured_media":12361,"comment_status":"open","ping_status":"open","sticky":false,"template":"","format":"standard","meta":{"inline_featured_image":false,"jnews-multi-image_gallery":[],"jnews_single_post":[],"jnews_primary_category":[],"jnews_social_meta":[],"jnews_override_counter":[],"jnews_post_split":[],"footnotes":""},"categories":[62],"tags":[],"class_list":["post-12359","post","type-post","status-publish","format-standard","has-post-thumbnail","hentry","category-la-oliva"],"jetpack_featured_media_url":"https:\/\/informacionlocal.es\/wp-content\/uploads\/2025\/10\/5261_3e5b29d6.png","_links":{"self":[{"href":"https:\/\/informacionlocal.es\/en\/wp-json\/wp\/v2\/posts\/12359","targetHints":{"allow":["GET"]}}],"collection":[{"href":"https:\/\/informacionlocal.es\/en\/wp-json\/wp\/v2\/posts"}],"about":[{"href":"https:\/\/informacionlocal.es\/en\/wp-json\/wp\/v2\/types\/post"}],"author":[{"embeddable":true,"href":"https:\/\/informacionlocal.es\/en\/wp-json\/wp\/v2\/users\/1"}],"replies":[{"embeddable":true,"href":"https:\/\/informacionlocal.es\/en\/wp-json\/wp\/v2\/comments?post=12359"}],"version-history":[{"count":0,"href":"https:\/\/informacionlocal.es\/en\/wp-json\/wp\/v2\/posts\/12359\/revisions"}],"wp:featuredmedia":[{"embeddable":true,"href":"https:\/\/informacionlocal.es\/en\/wp-json\/wp\/v2\/media\/12361"}],"wp:attachment":[{"href":"https:\/\/informacionlocal.es\/en\/wp-json\/wp\/v2\/media?parent=12359"}],"wp:term":[{"taxonomy":"category","embeddable":true,"href":"https:\/\/informacionlocal.es\/en\/wp-json\/wp\/v2\/categories?post=12359"},{"taxonomy":"post_tag","embeddable":true,"href":"https:\/\/informacionlocal.es\/en\/wp-json\/wp\/v2\/tags?post=12359"}],"curies":[{"name":"wp","href":"https:\/\/api.w.org\/{rel}","templated":true}]}}