{"id":12347,"date":"2025-10-14T18:59:19","date_gmt":"2025-10-14T17:59:19","guid":{"rendered":"https:\/\/informacionlocal.es\/el-plazo-para-presentarse-al-festival-de-cortometrajes-de-ffc-continua-abierto-hasta-el-14-de-noviembre\/"},"modified":"2025-10-14T18:59:19","modified_gmt":"2025-10-14T17:59:19","slug":"el-plazo-para-presentarse-al-festival-de-cortometrajes-de-ffc-continua-abierto-hasta-el-14-de-noviembre","status":"publish","type":"post","link":"https:\/\/informacionlocal.es\/en\/el-plazo-para-presentarse-al-festival-de-cortometrajes-de-ffc-continua-abierto-hasta-el-14-de-noviembre\/","title":{"rendered":"El plazo para presentarse al Festival de Cortometrajes de FFC contin\u00faa abierto hasta el 14 de noviembre"},"content":{"rendered":"<div class=\"entry-content\"><strong>14 octubre, 2025<\/strong><\/p>\n<p>Fuerteventura Film Commission recuerda que se encuentra abierto el plazo para participar en el Festival de Cortometrajes. En esta primera edici\u00f3n, deben estar inspirados en la tem\u00e1tica de Nuestra Se\u00f1ora de La Pe\u00f1a, desde cualquier formato: ficci\u00f3n, experimental, animaci\u00f3n o videocreaci\u00f3n, sin importar el g\u00e9nero (comedia, acci\u00f3n, terror\u2026)<\/p>\n<p>Las personas interesadas pueden enviar sus trabajos hasta el 14 de noviembre de 2025, a trav\u00e9s del formulario disponible en la web\u00a0www.aridafilms.com\/festival\u00a0o mediante correo electr\u00f3nico a\u00a0festival@aridafilms.com.<\/p>\n<p>Asimismo, ya se conocen los miembros del jurado, integrado por profesionales de Fuerteventura: Miguel Letang, Pedro Estoico y Adri\u00e1n Tejero, todos ellos con una amplia trayectoria en el \u00e1mbito audiovisual majorero. Su selecci\u00f3n refuerza el compromiso del festival con el talento local y el impulso de la industria creativa en la isla. El corto ganador se dar\u00e1 a conocer a finales del mes de noviembre.<\/p>\n<p>La consejera de Fuerteventura Film Commission, Nereida Calero, resalta el valor de una iniciativa \u201cque reafirma nuestra apuesta por el sector audiovisual en una Isla que se ha consolidado como plat\u00f3 natural, con el objetivo de fortalecer el tejido creativo local\u201d.<\/p>\n<p>El festival cuenta con la colaboraci\u00f3n del cineasta majorero Adri\u00e1n Tejero y su productora \u00c1rida Films, encargada de la coordinaci\u00f3n t\u00e9cnica y creativa del certamen.<\/p>\n<\/div>\n","protected":false},"excerpt":{"rendered":"<p>14 octubre, 2025 Fuerteventura Film Commission recuerda que se encuentra abierto el plazo para participar en el Festival de Cortometrajes. En esta primera edici\u00f3n, deben estar inspirados en la tem\u00e1tica [&hellip;]<\/p>\n","protected":false},"author":1,"featured_media":12349,"comment_status":"open","ping_status":"open","sticky":false,"template":"","format":"standard","meta":{"inline_featured_image":false,"jnews-multi-image_gallery":[],"jnews_single_post":[],"jnews_primary_category":[],"jnews_social_meta":[],"jnews_override_counter":[],"jnews_post_split":[],"footnotes":""},"categories":[58],"tags":[82],"class_list":["post-12347","post","type-post","status-publish","format-standard","has-post-thumbnail","hentry","category-cabildo","tag-fuerteventura"],"jetpack_featured_media_url":"https:\/\/informacionlocal.es\/wp-content\/uploads\/2025\/10\/ffc.jpeg","_links":{"self":[{"href":"https:\/\/informacionlocal.es\/en\/wp-json\/wp\/v2\/posts\/12347","targetHints":{"allow":["GET"]}}],"collection":[{"href":"https:\/\/informacionlocal.es\/en\/wp-json\/wp\/v2\/posts"}],"about":[{"href":"https:\/\/informacionlocal.es\/en\/wp-json\/wp\/v2\/types\/post"}],"author":[{"embeddable":true,"href":"https:\/\/informacionlocal.es\/en\/wp-json\/wp\/v2\/users\/1"}],"replies":[{"embeddable":true,"href":"https:\/\/informacionlocal.es\/en\/wp-json\/wp\/v2\/comments?post=12347"}],"version-history":[{"count":0,"href":"https:\/\/informacionlocal.es\/en\/wp-json\/wp\/v2\/posts\/12347\/revisions"}],"wp:featuredmedia":[{"embeddable":true,"href":"https:\/\/informacionlocal.es\/en\/wp-json\/wp\/v2\/media\/12349"}],"wp:attachment":[{"href":"https:\/\/informacionlocal.es\/en\/wp-json\/wp\/v2\/media?parent=12347"}],"wp:term":[{"taxonomy":"category","embeddable":true,"href":"https:\/\/informacionlocal.es\/en\/wp-json\/wp\/v2\/categories?post=12347"},{"taxonomy":"post_tag","embeddable":true,"href":"https:\/\/informacionlocal.es\/en\/wp-json\/wp\/v2\/tags?post=12347"}],"curies":[{"name":"wp","href":"https:\/\/api.w.org\/{rel}","templated":true}]}}