{"id":12289,"date":"2025-10-13T21:58:51","date_gmt":"2025-10-13T20:58:51","guid":{"rendered":"https:\/\/informacionlocal.es\/campeon-de-espana-de-copilotos-junior-de-rallys-de-tierra-es-de-antigua-y-se-llama-jonathan-hernandez\/"},"modified":"2025-10-13T21:58:51","modified_gmt":"2025-10-13T20:58:51","slug":"campeon-de-espana-de-copilotos-junior-de-rallys-de-tierra-es-de-antigua-y-se-llama-jonathan-hernandez","status":"publish","type":"post","link":"https:\/\/informacionlocal.es\/en\/campeon-de-espana-de-copilotos-junior-de-rallys-de-tierra-es-de-antigua-y-se-llama-jonathan-hernandez\/","title":{"rendered":"Campe\u00f3n de Espa\u00f1a de Copilotos Junior de Rallys de Tierra es de Antigua y se llama\u2026 Jonathan Hern\u00e1ndez"},"content":{"rendered":"<div class=\"elementor-widget-container\">\n<p><strong>Campe\u00f3n de Espa\u00f1a de Copilotos Junior de Rallys de Tierra es de Antigua y se llama\u2026 Jonathan Hern\u00e1ndez<\/strong><\/p>\n<p><strong>\u2022 Jonathan Hern\u00e1ndez se proclama este a\u00f1o 2025, Campe\u00f3n de Espa\u00f1a de Rallys de Tierra Copilotos Junior, Campe\u00f3n de Canarias de Rallys de Tierra, Campe\u00f3n Provincial de Las Palmas de Rallys de Tierra y Campe\u00f3n insular de Gran Canaria de Slaloms.<\/strong><\/p>\n<p><strong>\u2022 Fuerteventura y Antigua ya tienen un nuevo t\u00edtulo nacional con el deportista y joven copiloto, reconocido y querido en su pueblo y en su isla, Jonathan Hern\u00e1ndez.<\/strong><\/p>\n<p><strong>\u2022 Antigua felicita a Jonathan Hern\u00e1ndez por obtener su primer t\u00edtulo nacional como Campe\u00f3n de Espa\u00f1a de Copilotos Junior.<\/strong><\/p>\n<p>Impresionante la trayectoria de este joven copiloto, Jonathan Hern\u00e1ndez, que corre con los mejores, formando actualmente equipo con Juan Carlos Quintana, recorriendo las pistas de tierra en los circuitos canarios y nacionales de Rally, afirma el alcalde, Mat\u00edas Pe\u00f1a, y que nos llega ahora con la gran y emocionante noticia de proclamarse Campe\u00f3n de Espa\u00f1a de Copilotos Junior en el marco del Campeonato de Espa\u00f1a de Rallies de Tierra.<\/p>\n<p>Ya ten\u00eda todo nuestro respeto y reconocimiento ganado, a\u00f1ade el concejal de Deportes, Samuel Torres, haci\u00e9ndole un merecido homenaje en el treinta aniversario del Rally de Antigua, en el que augur\u00e1bamos llegar\u00eda a su pueblo e isla con m\u00e1s t\u00edtulos, y as\u00ed ha sido, simplemente magn\u00edfico.<\/p>\n<p>Alegr\u00eda y agradecimiento es lo que siento en estos momentos, se\u00f1ala el copiloto Jonathan Hern\u00e1ndez, por el apoyo del Ayuntamiento de Antigua, de toda la afici\u00f3n de la isla, y especialmente por contar conmigo un grande como es el Juan Carlos Quintana y todo el equipo, y a\u00f1ade, seguimos adelante.<\/p>\n<p>Este joven copiloto, hijo de un gran piloto de Antigua como es An\u00edbal Hern\u00e1ndez, ha logrado en esta temporada 2025 proclamarse Campe\u00f3n de Espa\u00f1a de Rallys de Tierra Copilotos Junior, Campe\u00f3n de Canarias de Rallys de Tierra, Campe\u00f3n Provincial de Las Palmas de Rallys de Tierra y Campe\u00f3n insular de Gran Canaria de Slaloms.<\/p>\n<p>\u00a0<\/p>\n<\/div>\n","protected":false},"excerpt":{"rendered":"<p><strong>Campe\u00f3n de Espa\u00f1a de Copilotos Junior de Rallys de Tierra es de Antigua y se llama\u2026 Jonathan Hern\u00e1ndez<\/strong><\/p>\n","protected":false},"author":1,"featured_media":12291,"comment_status":"open","ping_status":"open","sticky":false,"template":"","format":"standard","meta":{"inline_featured_image":false,"jnews-multi-image_gallery":[],"jnews_single_post":[],"jnews_primary_category":[],"jnews_social_meta":[],"jnews_override_counter":[],"jnews_post_split":[],"footnotes":""},"categories":[59],"tags":[82],"class_list":["post-12289","post","type-post","status-publish","format-standard","has-post-thumbnail","hentry","category-antigua","tag-fuerteventura"],"jetpack_featured_media_url":"https:\/\/informacionlocal.es\/wp-content\/uploads\/2025\/10\/homenaje-del-rally-de-antigua-realizado-al-ahora-campeon-de-espana-jonathan-hernandez-scaled-1.jpg","_links":{"self":[{"href":"https:\/\/informacionlocal.es\/en\/wp-json\/wp\/v2\/posts\/12289","targetHints":{"allow":["GET"]}}],"collection":[{"href":"https:\/\/informacionlocal.es\/en\/wp-json\/wp\/v2\/posts"}],"about":[{"href":"https:\/\/informacionlocal.es\/en\/wp-json\/wp\/v2\/types\/post"}],"author":[{"embeddable":true,"href":"https:\/\/informacionlocal.es\/en\/wp-json\/wp\/v2\/users\/1"}],"replies":[{"embeddable":true,"href":"https:\/\/informacionlocal.es\/en\/wp-json\/wp\/v2\/comments?post=12289"}],"version-history":[{"count":0,"href":"https:\/\/informacionlocal.es\/en\/wp-json\/wp\/v2\/posts\/12289\/revisions"}],"wp:featuredmedia":[{"embeddable":true,"href":"https:\/\/informacionlocal.es\/en\/wp-json\/wp\/v2\/media\/12291"}],"wp:attachment":[{"href":"https:\/\/informacionlocal.es\/en\/wp-json\/wp\/v2\/media?parent=12289"}],"wp:term":[{"taxonomy":"category","embeddable":true,"href":"https:\/\/informacionlocal.es\/en\/wp-json\/wp\/v2\/categories?post=12289"},{"taxonomy":"post_tag","embeddable":true,"href":"https:\/\/informacionlocal.es\/en\/wp-json\/wp\/v2\/tags?post=12289"}],"curies":[{"name":"wp","href":"https:\/\/api.w.org\/{rel}","templated":true}]}}