{"id":12257,"date":"2025-10-13T17:59:28","date_gmt":"2025-10-13T16:59:28","guid":{"rendered":"https:\/\/informacionlocal.es\/cuatro-nuevos-agentes-se-incorporan-a-la-plantilla-de-la-policia-local-de-puerto-del-rosario\/"},"modified":"2025-10-13T17:59:28","modified_gmt":"2025-10-13T16:59:28","slug":"cuatro-nuevos-agentes-se-incorporan-a-la-plantilla-de-la-policia-local-de-puerto-del-rosario","status":"publish","type":"post","link":"https:\/\/informacionlocal.es\/en\/cuatro-nuevos-agentes-se-incorporan-a-la-plantilla-de-la-policia-local-de-puerto-del-rosario\/","title":{"rendered":"Cuatro nuevos agentes se incorporan a la plantilla de la Polic\u00eda Local de Puerto del Rosario"},"content":{"rendered":"<div class=\"entry-content\">\n<ul>\n<li><span><strong>El Ayuntamiento refuerza la seguridad ciudadana con la incorporaci\u00f3n de nuevos efectivos tras superar su periodo de pr\u00e1cticas.<\/strong><\/span><strong>\u00a0<\/strong><\/li>\n<\/ul>\n<p><span><strong>En Puerto del Rosario, a 13 de octubre de 2025.-<\/strong> El Ayuntamiento de Puerto del Rosario ha incorporado este lunes a cuatro nuevos agentes de la Polic\u00eda Local que, tras superar con \u00e9xito su periodo de pr\u00e1cticas, se integran plenamente como funcionarios de carrera en la plantilla municipal.<\/span><\/p>\n<p><span>El acto de toma de posesi\u00f3n tuvo lugar en el sal\u00f3n de plenos del Ayuntamiento, con la presencia del alcalde, David de Vera, y de la concejala de Personal, Mar\u00eda Franco, adem\u00e1s de responsables del cuerpo y representantes municipales.<\/span><\/p>\n<p><span>Con estas incorporaciones, el Consistorio capitalino contin\u00faa reforzando los recursos humanos del \u00e1rea de Seguridad, en el marco del compromiso del grupo de gobierno por garantizar un servicio m\u00e1s cercano, eficaz y adaptado a las necesidades de la ciudadan\u00eda.<\/span><\/p>\n<p><img loading=\"lazy\" decoding=\"async\" loading=\"lazy\" class=\"size-large wp-image-157261 aligncenter\" src=\"https:\/\/informacionlocal.es\/wp-content\/uploads\/2025\/10\/toma-de-posesion-2-1024x768-1.jpeg\" width=\"1024\" height=\"768\" title=\"toma-de-posesion-2-1024x768-1\"><\/p>\n<p><span>El alcalde, David de Vera, destac\u00f3 que \u201ccada nueva incorporaci\u00f3n a la Polic\u00eda Local supone una mejora directa en la atenci\u00f3n y la seguridad de nuestros vecinos. La labor de nuestros agentes va mucho m\u00e1s all\u00e1 del control del tr\u00e1fico o la vigilancia, son parte activa de la vida diaria de Puerto del Rosario, colaborando en emergencias, actos p\u00fablicos y en el cumplimiento de las ordenanzas que nos ayudan a convivir mejor\u201d.<\/span><\/p>\n<p><span>Por su parte, la concejala de Personal, Mar\u00eda Franco, subray\u00f3 la importancia del trabajo conjunto entre \u00e1reas para reforzar los servicios municipales. \u201cSeguimos trabajando en la estabilizaci\u00f3n y ampliaci\u00f3n de las plantillas p\u00fablicas, apostando por un empleo estable y de calidad. Estos cuatro agentes son un ejemplo del esfuerzo, la preparaci\u00f3n y el compromiso con el servicio p\u00fablico que queremos seguir impulsando en todas las \u00e1reas del Ayuntamiento\u201d, se\u00f1al\u00f3.<\/span><\/p>\n<p><img loading=\"lazy\" decoding=\"async\" loading=\"lazy\" class=\"size-large wp-image-157262 aligncenter\" src=\"https:\/\/informacionlocal.es\/wp-content\/uploads\/2025\/10\/toma-de-posesion-3-1024x768-1.jpeg\" width=\"1024\" height=\"768\" title=\"toma-de-posesion-3-1024x768-1\"><\/p>\n<p><span>El Ayuntamiento de Puerto del Rosario contin\u00faa adem\u00e1s modernizando los medios t\u00e9cnicos de la Polic\u00eda Local, con la incorporaci\u00f3n progresiva de nuevos veh\u00edculos y herramientas tecnol\u00f3gicas, entre ellas el uso de drones, que permiten optimizar la capacidad de respuesta ante cualquier incidencia y ofrecer un servicio m\u00e1s eficiente a la poblaci\u00f3n.<\/span><\/p>\n<\/div>\n","protected":false},"excerpt":{"rendered":"<p>El Ayuntamiento refuerza la seguridad ciudadana con la incorporaci\u00f3n de nuevos efectivos tras superar su periodo de pr\u00e1cticas.\u00a0 En Puerto del Rosario, a 13 de octubre de 2025.- El Ayuntamiento [&hellip;]<\/p>\n","protected":false},"author":1,"featured_media":12259,"comment_status":"open","ping_status":"open","sticky":false,"template":"","format":"standard","meta":{"inline_featured_image":false,"jnews-multi-image_gallery":[],"jnews_single_post":[],"jnews_primary_category":[],"jnews_social_meta":[],"jnews_override_counter":[],"jnews_post_split":[],"footnotes":""},"categories":[61],"tags":[],"class_list":["post-12257","post","type-post","status-publish","format-standard","has-post-thumbnail","hentry","category-puerto-del-rosario"],"jetpack_featured_media_url":"https:\/\/informacionlocal.es\/wp-content\/uploads\/2025\/10\/toma-de-posesion.png","_links":{"self":[{"href":"https:\/\/informacionlocal.es\/en\/wp-json\/wp\/v2\/posts\/12257","targetHints":{"allow":["GET"]}}],"collection":[{"href":"https:\/\/informacionlocal.es\/en\/wp-json\/wp\/v2\/posts"}],"about":[{"href":"https:\/\/informacionlocal.es\/en\/wp-json\/wp\/v2\/types\/post"}],"author":[{"embeddable":true,"href":"https:\/\/informacionlocal.es\/en\/wp-json\/wp\/v2\/users\/1"}],"replies":[{"embeddable":true,"href":"https:\/\/informacionlocal.es\/en\/wp-json\/wp\/v2\/comments?post=12257"}],"version-history":[{"count":0,"href":"https:\/\/informacionlocal.es\/en\/wp-json\/wp\/v2\/posts\/12257\/revisions"}],"wp:featuredmedia":[{"embeddable":true,"href":"https:\/\/informacionlocal.es\/en\/wp-json\/wp\/v2\/media\/12259"}],"wp:attachment":[{"href":"https:\/\/informacionlocal.es\/en\/wp-json\/wp\/v2\/media?parent=12257"}],"wp:term":[{"taxonomy":"category","embeddable":true,"href":"https:\/\/informacionlocal.es\/en\/wp-json\/wp\/v2\/categories?post=12257"},{"taxonomy":"post_tag","embeddable":true,"href":"https:\/\/informacionlocal.es\/en\/wp-json\/wp\/v2\/tags?post=12257"}],"curies":[{"name":"wp","href":"https:\/\/api.w.org\/{rel}","templated":true}]}}