{"id":12245,"date":"2025-10-13T11:59:53","date_gmt":"2025-10-13T10:59:53","guid":{"rendered":"https:\/\/informacionlocal.es\/el-cabildo-de-fuerteventura-promueve-acciones-para-la-prevencion-del-suicidio-y-el-fomento-del-bienestar-emocional\/"},"modified":"2025-10-13T11:59:53","modified_gmt":"2025-10-13T10:59:53","slug":"el-cabildo-de-fuerteventura-promueve-acciones-para-la-prevencion-del-suicidio-y-el-fomento-del-bienestar-emocional","status":"publish","type":"post","link":"https:\/\/informacionlocal.es\/en\/el-cabildo-de-fuerteventura-promueve-acciones-para-la-prevencion-del-suicidio-y-el-fomento-del-bienestar-emocional\/","title":{"rendered":"El Cabildo de Fuerteventura promueve acciones para la prevenci\u00f3n del suicidio y el fomento del bienestar emocional"},"content":{"rendered":"<div class=\"entry-content\"><strong>11 octubre, 2025<\/strong><\/p>\n<p><strong>Del 13 al 16 de octubre, la Isla acoger\u00e1 charlas y talleres para promover la salud mental entre j\u00f3venes y la poblaci\u00f3n general<\/strong><\/p>\n<p>El Cabildo, a trav\u00e9s del \u00e1rea de Educaci\u00f3n y Juventud, contin\u00faa trabajando en la prevenci\u00f3n del suicidio y fomento del bienestar emocional entre la poblaci\u00f3n juvenil. De este modo, promueve unas jornadas de sensibilizaci\u00f3n, que recorrer\u00e1n los diferentes municipios de la Isla con charlas y talleres.<\/p>\n<p>Durante cuatro d\u00edas, \u2018Hablar Salva Vidas\u2019 contar\u00e1 con la participaci\u00f3n de psic\u00f3logos, terapeutas y artistas, que abordar\u00e1n temas como la gesti\u00f3n emocional, la autoestima y el arte como herramienta terap\u00e9utica en centros educativos de todo el territorio insular.<\/p>\n<p>Asimismo, se ofrecer\u00e1n talleres de sonido terap\u00e9utico, en este caso abiertos al p\u00fablico y con inscripci\u00f3n previa al tel\u00e9fono 689 882 760. Estos talleres tendr\u00e1n lugar en el Centro Insular de Juventud, Puerto del Rosario (13 de octubre) y en la Asociaci\u00f3n Cultural Ra\u00edz del Pueblo de La Oliva (16 de octubre)<\/p>\n<p>Este proyecto cuenta con financiaci\u00f3n del Gobierno de Canarias, y forma parte de las acciones que desarrolla Educaci\u00f3n y Juventud del Cabildo orientadas al bienestar emocional.<\/p>\n<p>Para la presidenta del Cabildo de Fuerteventura, Lola Garc\u00eda, y la consejera de Juventud del Gobierno de Canarias, Candelaria Delgado, es importante promover acciones preventivas para el fomento de la salud mental. El objetivo es sensibilizar a alumnado, profesorado y poblaci\u00f3n general sobre la importancia de la salud mental y la prevenci\u00f3n del suicidio, al tiempo que se crean redes de apoyo entre profesionales de salud mental, artistas y centros educativos.<\/p>\n<p>Un enfoque integral que, seg\u00fan ha explicado el consejero de Juventud insular, Adargoma Hern\u00e1ndez, es esencial para abordar de manera efectiva la crisis de salud mental que afecta a nuestra sociedad.\u2013<\/p>\n<\/div>\n","protected":false},"excerpt":{"rendered":"<p>11 octubre, 2025 Del 13 al 16 de octubre, la Isla acoger\u00e1 charlas y talleres para promover la salud mental entre j\u00f3venes y la poblaci\u00f3n general El Cabildo, a trav\u00e9s [&hellip;]<\/p>\n","protected":false},"author":1,"featured_media":12247,"comment_status":"open","ping_status":"open","sticky":false,"template":"","format":"standard","meta":{"inline_featured_image":false,"jnews-multi-image_gallery":[],"jnews_single_post":[],"jnews_primary_category":[],"jnews_social_meta":[],"jnews_override_counter":[],"jnews_post_split":[],"footnotes":""},"categories":[58],"tags":[73,82,65],"class_list":["post-12245","post","type-post","status-publish","format-standard","has-post-thumbnail","hentry","category-cabildo","tag-educacion","tag-fuerteventura","tag-municipios"],"jetpack_featured_media_url":"https:\/\/informacionlocal.es\/wp-content\/uploads\/2025\/10\/jornadas3.jpeg","_links":{"self":[{"href":"https:\/\/informacionlocal.es\/en\/wp-json\/wp\/v2\/posts\/12245","targetHints":{"allow":["GET"]}}],"collection":[{"href":"https:\/\/informacionlocal.es\/en\/wp-json\/wp\/v2\/posts"}],"about":[{"href":"https:\/\/informacionlocal.es\/en\/wp-json\/wp\/v2\/types\/post"}],"author":[{"embeddable":true,"href":"https:\/\/informacionlocal.es\/en\/wp-json\/wp\/v2\/users\/1"}],"replies":[{"embeddable":true,"href":"https:\/\/informacionlocal.es\/en\/wp-json\/wp\/v2\/comments?post=12245"}],"version-history":[{"count":0,"href":"https:\/\/informacionlocal.es\/en\/wp-json\/wp\/v2\/posts\/12245\/revisions"}],"wp:featuredmedia":[{"embeddable":true,"href":"https:\/\/informacionlocal.es\/en\/wp-json\/wp\/v2\/media\/12247"}],"wp:attachment":[{"href":"https:\/\/informacionlocal.es\/en\/wp-json\/wp\/v2\/media?parent=12245"}],"wp:term":[{"taxonomy":"category","embeddable":true,"href":"https:\/\/informacionlocal.es\/en\/wp-json\/wp\/v2\/categories?post=12245"},{"taxonomy":"post_tag","embeddable":true,"href":"https:\/\/informacionlocal.es\/en\/wp-json\/wp\/v2\/tags?post=12245"}],"curies":[{"name":"wp","href":"https:\/\/api.w.org\/{rel}","templated":true}]}}