{"id":12233,"date":"2025-10-11T00:58:48","date_gmt":"2025-10-10T23:58:48","guid":{"rendered":"https:\/\/informacionlocal.es\/vuelve-el-festival-arena-negra-el-7-y-8-de-noviembre-con-antonio-orozco-abraham-mateo-lucho-rk-miguel-rios-y-otros-grandes-artistas\/"},"modified":"2025-10-11T00:58:48","modified_gmt":"2025-10-10T23:58:48","slug":"vuelve-el-festival-arena-negra-el-7-y-8-de-noviembre-con-antonio-orozco-abraham-mateo-lucho-rk-miguel-rios-y-otros-grandes-artistas","status":"publish","type":"post","link":"https:\/\/informacionlocal.es\/en\/vuelve-el-festival-arena-negra-el-7-y-8-de-noviembre-con-antonio-orozco-abraham-mateo-lucho-rk-miguel-rios-y-otros-grandes-artistas\/","title":{"rendered":"Vuelve el Festival Arena Negra el 7 y 8 de noviembre con Antonio Orozco, Abraham Mateo, Lucho RK, Miguel R\u00edos y otros grandes artistas"},"content":{"rendered":"<div class=\"entry-content\"><strong>10 octubre, 2025<\/strong><\/p>\n<p><strong>Viernes, 10 de octubre de 2025.- <\/strong>El Festival Arena Negra regresa los d\u00edas 7 y 8 de noviembre a la Playa<br \/>\nde Gran Tarajal, consolid\u00e1ndose como uno de los grandes eventos musicales de<br \/>\nCanarias. Esta nueva edici\u00f3n contar\u00e1 con un cartel de primer nivel, encabezado<br \/>\npor figuras como <strong>Antonio Orozco, Abraham Mateo, Lucho RK, Miguel R\u00edos<\/strong>,<br \/>\njunto a artistas nacionales, internacionales y locales.<\/p>\n<p>El viernes, 7 de noviembre, actuar\u00e1n Aldara,<br \/>\nMiguel R\u00edos, Antonio Orozco y Grupo Extra. Por su parte, el s\u00e1bado, 8 de<br \/>\nnoviembre, se suben al escenario El Duende Callejero, Guaynaa, Abraham Mateo y<br \/>\nLucho RK.<\/p>\n<p>El <strong>Festival Arena Negra<\/strong> se consolida<br \/>\ncomo un <strong>referente cultural y econ\u00f3mico<\/strong> para Fuerteventura, fomentando el<br \/>\ndesarrollo local y el turismo sostenible, siempre desde el respeto al entorno<br \/>\nnatural. El evento est\u00e1 organizado por la <strong>Consejer\u00eda de Cultura del Cabildo<br \/>\nde Fuerteventura<\/strong>, con la colaboraci\u00f3n del <strong>Gobierno de Canarias<\/strong> y el <strong>Ayuntamiento<br \/>\nde Tuineje<\/strong>.<\/p>\n<p>Aldara, artista canaria de voz potente y<br \/>\nestilo camale\u00f3nico, combina g\u00e9neros como el pop, el latin, el urbano y el<br \/>\ncomercial. <\/p>\n<p><strong>Miguel R\u00edos<\/strong>,<br \/>\npionero del rock en Espa\u00f1a, inicia este octubre una gira por los escenarios m\u00e1s<br \/>\nemblem\u00e1ticos del pa\u00eds. Una gira de conciertos donde presentar\u00e1 su nuevo trabajo<br \/>\nen formato electroac\u00fastico, acompa\u00f1ado por cuatro m\u00fasicos multinstrumentistas<br \/>\nque fusionan rock y country en una experiencia sonora \u00fanica.<\/p>\n<p><strong>Antonio Orozco <\/strong>regresa a los escenarios con \u2018La Gira de Mi Vida\u2019, un ambicioso<br \/>\nproyecto que conmemora sus 25 a\u00f1os de trayectoria musical. El m\u00fasico combinar\u00e1<br \/>\ngrandes \u00e9xitos con trabajos nuevos como <em>Te juro que no hay un segundo que no<br \/>\npiense en ti<\/em>.<\/p>\n<p><strong>Grupo Extra<\/strong>,<br \/>\nintegrado por Tony Santana, Riko, Yassier Neher, Nefftati Caba y Yewdry<br \/>\nAlvarado, es una de las agrupaciones dominicanas m\u00e1s reconocidas del panorama<br \/>\nlatino. Con m\u00e1s de 40 millones de reproducciones en YouTube, destacan por su<br \/>\nenerg\u00eda esc\u00e9nica, coreograf\u00edas impecables y armon\u00edas contagiosas.<\/p>\n<p><strong>El Duende Callejero, <\/strong>formaci\u00f3n que naci\u00f3 en 2017, ha conquistado al p\u00fablico con su<br \/>\nparticular mezcla de flamenco, pop y rock, convirti\u00e9ndose en una de las bandas<br \/>\nimprescindibles del panorama nacional.<\/p>\n<p><strong>Guaynaa <\/strong>se catapult\u00f3<br \/>\na la fama tras publicar su tema Rebota, consolidando su lugar en la industria<br \/>\ncon \u00e9xitos como <em>Chicharr\u00f3n<\/em>, <em>Plata ta t\u00e1<\/em>, <em>Rompe Rodillas<\/em> y <em>Se<br \/>\nte nota<\/em>. Acumulando grandes premios como su nominaci\u00f3n a los Grammy Latino<br \/>\ny con m\u00e1s de 500 millones de reproducciones en Youtube y Spotify, es uno de los<br \/>\ngrandes exponentes del pop urbano actual.<\/p>\n<p><strong>Abraham Mateo <\/strong>es uno de los artistas espa\u00f1oles m\u00e1s vers\u00e1tiles y completos de su<br \/>\ngeneraci\u00f3n. Cantante, compositor, productor y bailar\u00edn, comenz\u00f3 su carrera con<br \/>\ntan solo siete a\u00f1os y, desde entonces, ha desarrollado una trayectoria<br \/>\ninternacional que lo ha consolidado como una de las figuras m\u00e1s destacadas del<br \/>\npop y la m\u00fasica latina internacional. En 2024 lanz\u00f3 <em>Insomnio<\/em>, su s\u00e9ptimo<br \/>\n\u00e1lbum de estudio, considerado como el m\u00e1s ambicioso de su carrera.<\/p>\n<p><strong>Lucho RK <\/strong>es una<br \/>\nde las promesas m\u00e1s destacadas de la nueva escena urbana. Nacido en Gran<br \/>\nCanaria, su estilo vers\u00e1til, influenciado por ritmos latinos y una amplia gama<br \/>\nmusical, lo ha impulsado a una carrera mete\u00f3rica. En 2024, da un paso con su<br \/>\nprimer EP, <em>Qui\u00e9n est\u00e1 aqu\u00ed<\/em>, donde fusiona sonidos urbanos con una<br \/>\npropuesta fresca y emotiva. <\/p>\n<\/div>\n","protected":false},"excerpt":{"rendered":"<p>10 octubre, 2025 Viernes, 10 de octubre de 2025.- El Festival Arena Negra regresa los d\u00edas 7 y 8 de noviembre a la Playa de Gran Tarajal, consolid\u00e1ndose como uno [&hellip;]<\/p>\n","protected":false},"author":1,"featured_media":12235,"comment_status":"open","ping_status":"open","sticky":false,"template":"","format":"standard","meta":{"inline_featured_image":false,"jnews-multi-image_gallery":[],"jnews_single_post":[],"jnews_primary_category":[],"jnews_social_meta":[],"jnews_override_counter":[],"jnews_post_split":[],"footnotes":""},"categories":[58],"tags":[69,82],"class_list":["post-12233","post","type-post","status-publish","format-standard","has-post-thumbnail","hentry","category-cabildo","tag-eventos","tag-fuerteventura"],"jetpack_featured_media_url":"https:\/\/informacionlocal.es\/wp-content\/uploads\/2025\/10\/arena-negra-2025.jpeg","_links":{"self":[{"href":"https:\/\/informacionlocal.es\/en\/wp-json\/wp\/v2\/posts\/12233","targetHints":{"allow":["GET"]}}],"collection":[{"href":"https:\/\/informacionlocal.es\/en\/wp-json\/wp\/v2\/posts"}],"about":[{"href":"https:\/\/informacionlocal.es\/en\/wp-json\/wp\/v2\/types\/post"}],"author":[{"embeddable":true,"href":"https:\/\/informacionlocal.es\/en\/wp-json\/wp\/v2\/users\/1"}],"replies":[{"embeddable":true,"href":"https:\/\/informacionlocal.es\/en\/wp-json\/wp\/v2\/comments?post=12233"}],"version-history":[{"count":0,"href":"https:\/\/informacionlocal.es\/en\/wp-json\/wp\/v2\/posts\/12233\/revisions"}],"wp:featuredmedia":[{"embeddable":true,"href":"https:\/\/informacionlocal.es\/en\/wp-json\/wp\/v2\/media\/12235"}],"wp:attachment":[{"href":"https:\/\/informacionlocal.es\/en\/wp-json\/wp\/v2\/media?parent=12233"}],"wp:term":[{"taxonomy":"category","embeddable":true,"href":"https:\/\/informacionlocal.es\/en\/wp-json\/wp\/v2\/categories?post=12233"},{"taxonomy":"post_tag","embeddable":true,"href":"https:\/\/informacionlocal.es\/en\/wp-json\/wp\/v2\/tags?post=12233"}],"curies":[{"name":"wp","href":"https:\/\/api.w.org\/{rel}","templated":true}]}}