{"id":12179,"date":"2025-10-10T15:58:29","date_gmt":"2025-10-10T14:58:29","guid":{"rendered":"https:\/\/informacionlocal.es\/carreteras-concluye-el-asfaltado-de-la-antigua-via-de-acceso-a-costa-calma\/"},"modified":"2025-10-10T15:58:29","modified_gmt":"2025-10-10T14:58:29","slug":"carreteras-concluye-el-asfaltado-de-la-antigua-via-de-acceso-a-costa-calma","status":"publish","type":"post","link":"https:\/\/informacionlocal.es\/en\/carreteras-concluye-el-asfaltado-de-la-antigua-via-de-acceso-a-costa-calma\/","title":{"rendered":"Carreteras concluye el asfaltado de la antigua v\u00eda de acceso a Costa Calma"},"content":{"rendered":"<div class=\"entry-content\"><strong>10 octubre, 2025<\/strong><\/p>\n<p><em>Los trabajos en la<br \/>\nFV-603 incluyeron el desbroce, limpieza y retirada de hojas secas de palmeras<br \/>\nde los m\u00e1rgenes<\/em><\/p>\n<p>El Cabildo de Fuerteventura, a trav\u00e9s del<br \/>\nservicio de Carreteras, ha concluido los trabajos de asfaltado y desbroce,<br \/>\nlimpieza y retirada de hojas secas de palmeras de los m\u00e1rgenes en la FV-603 a<br \/>\nsu paso por la localidad de Costa Calma. En los pr\u00f3ximos d\u00edas se terminar\u00e1n de<br \/>\ncolocar las se\u00f1ales de tr\u00e1fico horizontales. Los operarios han desarrollado el<br \/>\noperativo con la menor afectaci\u00f3n posible al tr\u00e1fico, planificando cortes<br \/>\nintermitentes y manteniendo el recorrido del transporte p\u00fablico.<\/p>\n<p>La presidenta insular, Lola Garc\u00eda, destaca las<br \/>\nlabores que desarrolla el Cabildo de Fuerteventura para mantener en buen estado<br \/>\nla red insular de carreteras, mejorando su seguridad y comodidad para las<br \/>\npersonas usuarias.<\/p>\n<p>El consejero de Carreteras, Blas Acosta,<br \/>\nexplica que \u201cCosta Calma es un importante n\u00facleo de poblaci\u00f3n y un enclave que<br \/>\ngenera econom\u00eda y empleo, por lo que el estado de sus infraestructuras viarias<br \/>\nes clave para su desarrollo\u201d.<\/p>\n<p>La planificaci\u00f3n anual de las acciones para el<br \/>\nmantenimiento de la red de carreteras de Fuerteventura (acciones constantes y<br \/>\nc\u00edclicas) permite cumplir varios objetivos, como son mejorar la seguridad al<br \/>\nvolante y ofrecer una imagen de destino tur\u00edstico con infraestructuras europeas.<\/p>\n<p>Los trabajos de asfaltado en la FV-603 se<br \/>\ndesarrollaron entre los puntos kilom\u00e9tricos 0 y 3, y 6,8 y 7,1. Es decir, en<br \/>\nambos extremos de la v\u00eda a su paso por Costa Calma.<\/p>\n<p>Se programaron cortes de tr\u00e1fico intermitentes<br \/>\ny rutas alternativas para los veh\u00edculos privados entre las 7:00 y las 17:00<br \/>\nhoras. Adem\u00e1s, los trabajos se planificaron de forma que el transporte p\u00fablico<br \/>\nregular mantuviera sus mismas rutas y paradas.<\/p>\n<p>El proceso de asfaltado con capa de rodadura incluy\u00f3<br \/>\nla aplicaci\u00f3n previa de otras capas de regularizaci\u00f3n de superficie debido al<br \/>\nestado del pavimento. Tambi\u00e9n se repondr\u00e1 la se\u00f1alizaci\u00f3n horizontal (pintado<br \/>\nde l\u00edneas y marcas viales) y se colocar\u00e1n un nuevo balizamiento de captafaros<br \/>\ntipo \u2018ojos de gato\u2019.<\/p>\n<p>Adem\u00e1s del asfaltado de la FV\u2013603, los<br \/>\noperarios del Servicio de Carreteras realizaron labores de limpieza de m\u00e1rgenes<br \/>\ny cunetas y retiraron hojas de palmeras secas acumuladas en los laterales.<\/p>\n<\/div>\n","protected":false},"excerpt":{"rendered":"<p>10 octubre, 2025 Los trabajos en la FV-603 incluyeron el desbroce, limpieza y retirada de hojas secas de palmeras de los m\u00e1rgenes El Cabildo de Fuerteventura, a trav\u00e9s del servicio [&hellip;]<\/p>\n","protected":false},"author":1,"featured_media":12181,"comment_status":"open","ping_status":"open","sticky":false,"template":"","format":"standard","meta":{"inline_featured_image":false,"jnews-multi-image_gallery":[],"jnews_single_post":[],"jnews_primary_category":[],"jnews_social_meta":[],"jnews_override_counter":[],"jnews_post_split":[],"footnotes":""},"categories":[58],"tags":[82],"class_list":["post-12179","post","type-post","status-publish","format-standard","has-post-thumbnail","hentry","category-cabildo","tag-fuerteventura"],"jetpack_featured_media_url":"https:\/\/informacionlocal.es\/wp-content\/uploads\/2025\/10\/carretera-costa-calma.jpeg","_links":{"self":[{"href":"https:\/\/informacionlocal.es\/en\/wp-json\/wp\/v2\/posts\/12179","targetHints":{"allow":["GET"]}}],"collection":[{"href":"https:\/\/informacionlocal.es\/en\/wp-json\/wp\/v2\/posts"}],"about":[{"href":"https:\/\/informacionlocal.es\/en\/wp-json\/wp\/v2\/types\/post"}],"author":[{"embeddable":true,"href":"https:\/\/informacionlocal.es\/en\/wp-json\/wp\/v2\/users\/1"}],"replies":[{"embeddable":true,"href":"https:\/\/informacionlocal.es\/en\/wp-json\/wp\/v2\/comments?post=12179"}],"version-history":[{"count":0,"href":"https:\/\/informacionlocal.es\/en\/wp-json\/wp\/v2\/posts\/12179\/revisions"}],"wp:featuredmedia":[{"embeddable":true,"href":"https:\/\/informacionlocal.es\/en\/wp-json\/wp\/v2\/media\/12181"}],"wp:attachment":[{"href":"https:\/\/informacionlocal.es\/en\/wp-json\/wp\/v2\/media?parent=12179"}],"wp:term":[{"taxonomy":"category","embeddable":true,"href":"https:\/\/informacionlocal.es\/en\/wp-json\/wp\/v2\/categories?post=12179"},{"taxonomy":"post_tag","embeddable":true,"href":"https:\/\/informacionlocal.es\/en\/wp-json\/wp\/v2\/tags?post=12179"}],"curies":[{"name":"wp","href":"https:\/\/api.w.org\/{rel}","templated":true}]}}