{"id":12161,"date":"2025-10-10T12:58:26","date_gmt":"2025-10-10T11:58:26","guid":{"rendered":"https:\/\/informacionlocal.es\/puerto-del-rosario-pone-a-disposicion-del-gobierno-de-canarias-mas-de-20-000-m2-de-suelo-municipal-para-impulsar-la-construccion-de-vivienda-publica\/"},"modified":"2025-10-10T12:58:26","modified_gmt":"2025-10-10T11:58:26","slug":"puerto-del-rosario-pone-a-disposicion-del-gobierno-de-canarias-mas-de-20-000-m2-de-suelo-municipal-para-impulsar-la-construccion-de-vivienda-publica","status":"publish","type":"post","link":"https:\/\/informacionlocal.es\/en\/puerto-del-rosario-pone-a-disposicion-del-gobierno-de-canarias-mas-de-20-000-m2-de-suelo-municipal-para-impulsar-la-construccion-de-vivienda-publica\/","title":{"rendered":"Puerto del Rosario pone a disposici\u00f3n del Gobierno de Canarias m\u00e1s de 20.000 m2 de suelo municipal para impulsar la construcci\u00f3n de vivienda p\u00fablica"},"content":{"rendered":"<div class=\"entry-content\">\n<ul>\n<li><span><strong>El Consistorio capitalino ofrece siete parcelas repartidas por distintos barrios del municipio para facilitar nuevas promociones de vivienda protegida y dar respuesta a la emergencia habitacional<\/strong><\/span><\/li>\n<\/ul>\n<p><span><strong>En Puerto del Rosario, a 10 de octubre de 2025.- <\/strong>El Ayuntamiento de Puerto del Rosario ha remitido un escrito a la Consejer\u00eda de Obras P\u00fablicas, Vivienda y Movilidad del Gobierno de Canarias en el que expresa su total disposici\u00f3n para ceder suelo municipal con el fin de facilitar la construcci\u00f3n de nuevas viviendas p\u00fablicas y sociales en el municipio.<\/span><\/p>\n<p><span>El alcalde, David de Vera, traslad\u00f3 al consejero la preocupaci\u00f3n del grupo de gobierno ante la actual situaci\u00f3n de emergencia habitacional en Canarias, reconocida oficialmente mediante el Decreto-Ley 1\/2024, y destac\u00f3 la necesidad de dar una respuesta inmediata a la creciente dificultad que enfrentan las familias para acceder a una vivienda digna y asequible.<\/span><\/p>\n<p><span>\u201cPuerto del Rosario no puede permanecer al margen de la emergencia habitacional que vive Canarias. Por eso ponemos a disposici\u00f3n del Gobierno de Canarias varios terrenos de titularidad municipal para que puedan destinarse, de forma prioritaria, a la construcci\u00f3n de viviendas p\u00fablicas en r\u00e9gimen de alquiler u otras modalidades que faciliten el acceso de las familias con m\u00e1s dificultades\u201d, subray\u00f3 el alcalde David de Vera.<\/span><\/p>\n<p><span><strong>Siete parcelas disponibles para nuevas promociones<\/strong><\/span><\/p>\n<p><span>El Ayuntamiento ha identificado siete parcelas repartidas por distintos puntos del municipio que suman m\u00e1s de 20.000 metros cuadrados de superficie, ubicadas en zonas como El Matorral, Barrio Nuevo, Zurita o el entorno de la calle Cisneros, entre otras. Estas parcelas est\u00e1n disponibles para su cesi\u00f3n inmediata, lo que permitir\u00eda al Gobierno de Canarias poner en marcha nuevas promociones de vivienda protegida con agilidad administrativa y coordinaci\u00f3n institucional.<\/span><\/p>\n<p><span>\u201cDespu\u00e9s de a\u00f1os sin nuevas promociones de vivienda p\u00fablica, queremos revertir esta tendencia y ofrecer soluciones reales a nuestros vecinos. Este Ayuntamiento est\u00e1 dispuesto a colaborar de forma leal y estrecha con el Gobierno de Canarias y el Instituto Canario de la Vivienda para acelerar todos los tr\u00e1mites necesarios\u201d, a\u00f1adi\u00f3 el regidor.<\/span><\/p>\n<p><span><strong>Urgencia y el compromiso social<\/strong><\/span><\/p>\n<p><span>Por su parte, la concejala de Vivienda, To\u00f1i Fdez. Arag\u00f3n, destac\u00f3 la importancia de que esta iniciativa se materialice cuanto antes, como respuesta directa a la creciente demanda de vivienda en el municipio.<\/span><\/p>\n<p><span>\u201cSon muchas las familias que se acercan al Ayuntamiento buscando una oportunidad para acceder a una vivienda digna. Desde el \u00e1rea de Vivienda estamos comprometidos en trabajar junto al Gobierno de Canarias para que estas parcelas puedan transformarse en hogares reales y asequibles para nuestros vecinos\u201d, explic\u00f3 To\u00f1i Fdez. Arag\u00f3n.<\/span><\/p>\n<p><span>\u201cEl acceso a la vivienda no puede seguir siendo un privilegio. Nuestro objetivo es garantizar que Puerto del Rosario sea un municipio donde nadie quede atr\u00e1s por falta de recursos o de oportunidades\u201d, a\u00f1adi\u00f3 la concejala.<\/span><\/p>\n<p><span><strong>Compromiso con la cohesi\u00f3n social y la calidad de vida<\/strong><\/span><\/p>\n<p><span>El escrito enviado por el consistorio destaca que la iniciativa busca reforzar la igualdad de oportunidades, la estabilidad residencial y la calidad de vida de los vecinos y vecinas de Puerto del Rosario, constituyendo una pol\u00edtica estrat\u00e9gica de cohesi\u00f3n social y de apoyo a las familias m\u00e1s vulnerables.<\/span><\/p>\n<p><span>\u201cNuestro compromiso es claro: trabajar codo a codo con el Gobierno auton\u00f3mico para garantizar que el derecho a la vivienda sea una realidad para todos los residentes del municipio\u201d, concluy\u00f3 David de Vera.<\/span><\/p>\n<\/div>\n","protected":false},"excerpt":{"rendered":"<p>El Consistorio capitalino ofrece siete parcelas repartidas por distintos barrios del municipio para facilitar nuevas promociones de vivienda protegida y dar respuesta a la emergencia habitacional En Puerto del Rosario, [&hellip;]<\/p>\n","protected":false},"author":1,"featured_media":12163,"comment_status":"open","ping_status":"open","sticky":false,"template":"","format":"standard","meta":{"inline_featured_image":false,"jnews-multi-image_gallery":[],"jnews_single_post":[],"jnews_primary_category":[],"jnews_social_meta":[],"jnews_override_counter":[],"jnews_post_split":[],"footnotes":""},"categories":[61],"tags":[71,67],"class_list":["post-12161","post","type-post","status-publish","format-standard","has-post-thumbnail","hentry","category-puerto-del-rosario","tag-residencia","tag-tramites"],"jetpack_featured_media_url":"https:\/\/informacionlocal.es\/wp-content\/uploads\/2025\/10\/vivienda-1.png","_links":{"self":[{"href":"https:\/\/informacionlocal.es\/en\/wp-json\/wp\/v2\/posts\/12161","targetHints":{"allow":["GET"]}}],"collection":[{"href":"https:\/\/informacionlocal.es\/en\/wp-json\/wp\/v2\/posts"}],"about":[{"href":"https:\/\/informacionlocal.es\/en\/wp-json\/wp\/v2\/types\/post"}],"author":[{"embeddable":true,"href":"https:\/\/informacionlocal.es\/en\/wp-json\/wp\/v2\/users\/1"}],"replies":[{"embeddable":true,"href":"https:\/\/informacionlocal.es\/en\/wp-json\/wp\/v2\/comments?post=12161"}],"version-history":[{"count":0,"href":"https:\/\/informacionlocal.es\/en\/wp-json\/wp\/v2\/posts\/12161\/revisions"}],"wp:featuredmedia":[{"embeddable":true,"href":"https:\/\/informacionlocal.es\/en\/wp-json\/wp\/v2\/media\/12163"}],"wp:attachment":[{"href":"https:\/\/informacionlocal.es\/en\/wp-json\/wp\/v2\/media?parent=12161"}],"wp:term":[{"taxonomy":"category","embeddable":true,"href":"https:\/\/informacionlocal.es\/en\/wp-json\/wp\/v2\/categories?post=12161"},{"taxonomy":"post_tag","embeddable":true,"href":"https:\/\/informacionlocal.es\/en\/wp-json\/wp\/v2\/tags?post=12161"}],"curies":[{"name":"wp","href":"https:\/\/api.w.org\/{rel}","templated":true}]}}