{"id":12149,"date":"2025-10-10T02:58:30","date_gmt":"2025-10-10T01:58:30","guid":{"rendered":"https:\/\/informacionlocal.es\/el-cabildo-abre-una-consulta-publica-previa-para-la-elaboracion-de-las-nuevas-bases-reguladoras-de-subvenciones-dirigidas-al-tercer-sector\/"},"modified":"2025-10-10T02:58:30","modified_gmt":"2025-10-10T01:58:30","slug":"el-cabildo-abre-una-consulta-publica-previa-para-la-elaboracion-de-las-nuevas-bases-reguladoras-de-subvenciones-dirigidas-al-tercer-sector","status":"publish","type":"post","link":"https:\/\/informacionlocal.es\/en\/el-cabildo-abre-una-consulta-publica-previa-para-la-elaboracion-de-las-nuevas-bases-reguladoras-de-subvenciones-dirigidas-al-tercer-sector\/","title":{"rendered":"El Cabildo abre una consulta p\u00fablica previa para la elaboraci\u00f3n de las nuevas bases reguladoras de subvenciones dirigidas al tercer sector"},"content":{"rendered":"<div class=\"entry-content\"><strong>9 octubre, 2025<\/strong><\/p>\n<p><em><strong>La Corporaci\u00f3n insular invita a asociaciones, profesionales del \u00e1mbito social y a la ciudadan\u00eda a participar en la consulta, con el objetivo de asegurar una regulaci\u00f3n m\u00e1s eficaz, transparente y adaptada a las necesidades de Fuerteventura.<\/strong><\/em><\/p>\n<p>El Cabildo de Fuerteventura, a trav\u00e9s del \u00e1rea de Acci\u00f3n Social, somete a consulta p\u00fablica previa las nuevas bases reguladoras para la concesi\u00f3n de subvenciones en r\u00e9gimen de concurrencia competitiva a entidades no lucrativas del Tercer Sector de Acci\u00f3n Social que desarrollen proyectos en el \u00e1mbito del bienestar social. La consulta busca recabar las aportaciones de la ciudadan\u00eda antes de redactar la norma definitiva.<\/p>\n<p>De esta manera, se\u00f1ala la presidenta insular, Lola Garc\u00eda, el Cabildo invita a las entidades del tercer sector, profesionales del \u00e1mbito social, y a la ciudadan\u00eda en general a participar en la consulta para mejorar la redacci\u00f3n final de las bases y asegurar una regulaci\u00f3n m\u00e1s eficaz, transparente y adaptada a las necesidades sociales de la isla.<\/p>\n<p>Con esta iniciativa, detalla el consejero de Acci\u00f3n Social, V\u00edctor Alonso, \u201cse busca actualizar y sustituir la ordenanza vigente de subvenciones en materia de bienestar social aprobada en 2020, como un medio para fomentar la iniciativa social, promover y apoyar actuaciones que mejoren el bienestar y la calidad de vida de las personas en Fuerteventura\u201d. El objetivo es adaptar la normativa a la realidad del tejido asociativo, a los cambios legislativos auton\u00f3micos y a los principios de la Ley General de Subvenciones.<\/p>\n<p>El plazo de inicio de la consulta p\u00fablica comienza hoy, 9 de octubre. La ciudadan\u00eda podr\u00e1 presentar aportaciones a trav\u00e9s de la sede electr\u00f3nica del Cabildo de Fuerteventura (https:\/\/sede.cabildofuer.es\/eAdmin\/IrAValidarDocumento.do?IdDoc=35600IDOC269484FC8C0325D4982BD53)<\/p>\n<p>Tambi\u00e9n pueden presentarse por cualquiera de las v\u00edas previstas en el art\u00edculo 16 de la Ley 39\/2015, debidamente suscritas por la persona interesada o su representante legal.<\/p>\n<p>Las aportaciones deben dirigirse al Sr. Consejero del \u00c1rea Insular de Acci\u00f3n Social indicando la referencia de expediente 2025\/22497, teniendo como plazo hasta el 21 de noviembre de 2025.\u00a0<\/p>\n<\/div>\n","protected":false},"excerpt":{"rendered":"<p>9 octubre, 2025 La Corporaci\u00f3n insular invita a asociaciones, profesionales del \u00e1mbito social y a la ciudadan\u00eda a participar en la consulta, con el objetivo de asegurar una regulaci\u00f3n m\u00e1s [&hellip;]<\/p>\n","protected":false},"author":1,"featured_media":12151,"comment_status":"open","ping_status":"open","sticky":false,"template":"","format":"standard","meta":{"inline_featured_image":false,"jnews-multi-image_gallery":[],"jnews_single_post":[],"jnews_primary_category":[],"jnews_social_meta":[],"jnews_override_counter":[],"jnews_post_split":[],"footnotes":""},"categories":[58],"tags":[82],"class_list":["post-12149","post","type-post","status-publish","format-standard","has-post-thumbnail","hentry","category-cabildo","tag-fuerteventura"],"jetpack_featured_media_url":"https:\/\/informacionlocal.es\/wp-content\/uploads\/2025\/10\/1760003680-20ca648fbc3ad53ca13c45eee3dddc43.jpg","_links":{"self":[{"href":"https:\/\/informacionlocal.es\/en\/wp-json\/wp\/v2\/posts\/12149","targetHints":{"allow":["GET"]}}],"collection":[{"href":"https:\/\/informacionlocal.es\/en\/wp-json\/wp\/v2\/posts"}],"about":[{"href":"https:\/\/informacionlocal.es\/en\/wp-json\/wp\/v2\/types\/post"}],"author":[{"embeddable":true,"href":"https:\/\/informacionlocal.es\/en\/wp-json\/wp\/v2\/users\/1"}],"replies":[{"embeddable":true,"href":"https:\/\/informacionlocal.es\/en\/wp-json\/wp\/v2\/comments?post=12149"}],"version-history":[{"count":0,"href":"https:\/\/informacionlocal.es\/en\/wp-json\/wp\/v2\/posts\/12149\/revisions"}],"wp:featuredmedia":[{"embeddable":true,"href":"https:\/\/informacionlocal.es\/en\/wp-json\/wp\/v2\/media\/12151"}],"wp:attachment":[{"href":"https:\/\/informacionlocal.es\/en\/wp-json\/wp\/v2\/media?parent=12149"}],"wp:term":[{"taxonomy":"category","embeddable":true,"href":"https:\/\/informacionlocal.es\/en\/wp-json\/wp\/v2\/categories?post=12149"},{"taxonomy":"post_tag","embeddable":true,"href":"https:\/\/informacionlocal.es\/en\/wp-json\/wp\/v2\/tags?post=12149"}],"curies":[{"name":"wp","href":"https:\/\/api.w.org\/{rel}","templated":true}]}}