{"id":12121,"date":"2025-10-09T22:58:30","date_gmt":"2025-10-09T21:58:30","guid":{"rendered":"https:\/\/informacionlocal.es\/ajuy-acoge-el-xii-simposio-internacional-de-escultura-pajara-2025\/"},"modified":"2025-10-09T22:58:30","modified_gmt":"2025-10-09T21:58:30","slug":"ajuy-acoge-el-xii-simposio-internacional-de-escultura-pajara-2025","status":"publish","type":"post","link":"https:\/\/informacionlocal.es\/en\/ajuy-acoge-el-xii-simposio-internacional-de-escultura-pajara-2025\/","title":{"rendered":"Ajuy acoge el XII Simposio Internacional de Escultura P\u00e1jara 2025"},"content":{"rendered":"<div class=\"entry-content\">\n<p><b><i>Artistas de todo el mundo se reunir\u00e1n en la localidad del 13 de octubre al 2 de noviembre para transformar la playa en un espacio de creaci\u00f3n art\u00edstica\u00a0<\/i><\/b><\/p>\n<p><span>El Ayuntamiento de P\u00e1jara, a trav\u00e9s de la Concejal\u00eda de Cultura, presenta la duod\u00e9cima edici\u00f3n del \u2018simposio Internacional de Cultura P\u00e1jara 2025\u2019. Esta entrega comienza este lunes 13 de octubre y estar\u00e1 disponible hasta el domingo 2 de noviembre, en la playa de Ajuy.\u00a0<\/span><\/p>\n<p><span>La concejala de Cultura, \u00c1ngeles Acosta, destaca la importancia de este encuentro para la promoci\u00f3n del arte y la identidad local. \u201cEl Simposio de Cultura P\u00e1jara se ha consolidado como un espacio de di\u00e1logo art\u00edstico y de intercambio entre creadores de todo el mundo. Es un orgullo ver como Ajuy se convierte, a\u00f1o tras a\u00f1o, en un punto de encuentro internacional para la cultura\u201d, se\u00f1ala.\u00a0<\/span><\/p>\n<p><span>Por su parte, el alcalde de P\u00e1jara, subraya el compromiso del Consistorio con el impulso de la cultura como motor de desarrollo social y tur\u00edstico. \u201cEste tipo de iniciativas no solo fortalecen la proyecci\u00f3n cultural del municipio, sino que tambi\u00e9n dinamizan la econom\u00eda local y fomentan el turismo sostenible a trav\u00e9s del arte\u201d, afirma.\u00a0<\/span><\/p>\n<p><span>El Simposio comenzar\u00e1 el lunes 13 de octubre, a las 11:00 horas. Contar\u00e1 con la participaci\u00f3n de artistas provenientes de todo el mundo, como el mexicano Carlos Monge, la francesa Coralie Quincey, el espa\u00f1ol Jose Carlos Cabello, la ucraniana Olena Dodatko y el majorero Juan Miguel Cubas.\u00a0<\/span><\/p>\n<p><span>Durante esas semanas, los artistas trabajar\u00e1n cada d\u00eda de 9:00 a 13:00 horas y de 16:00 a 19:00 horas, ofreciendo al p\u00fablico la oportunidad de observar en directo el proceso de creaci\u00f3n de las esculturas.\u00a0<\/span><\/p>\n<p><span>Los artistas realizar\u00e1n sus obras utilizando diversos materiales que reflejan tanto la t\u00e9cnica como la identidad de cada uno. Monge, Dodatko y Cabello trabajar\u00e1n con acero inoxidable, al que posteriormente aplicar\u00e1n color y textura mediante pintura. Por su parte, la artista francesa Quincey emplear\u00e1 acero corten, mientras que el escultor majorero Cubas esculpir\u00e1 en granito de Betancuria, resaltando los recursos naturales de la isla.\u00a0<\/span><\/p>\n<p><span>Este evento se ha convertido en una cita importante para los amantes del arte en Fuerteventura, consolidando el municipio de P\u00e1jara como referente cultural en Canarias. El Ayuntamiento invita a residentes y visitantes a disfrutar del proceso de creaci\u00f3n y la exposici\u00f3n de las esculturas, que convertir\u00e1n la playa de Ajuy en un espacio de arte al aire libre.\u00a0<\/span><\/p>\n<p>\u00a0<\/p>\n<p><img fetchpriority=\"high\" decoding=\"async\" class=\"alignnone size-medium wp-image-21081\" src=\"https:\/\/informacionlocal.es\/wp-content\/uploads\/2025\/10\/simposio-210x300-1.jpeg\" width=\"210\" height=\"300\" title=\"simposio-210x300-1\"><\/p>\n<\/div>\n","protected":false},"excerpt":{"rendered":"<p><i>Artistas de todo el mundo se reunir\u00e1n en la localidad del 13 de octubre al 2 de noviembre para transformar la playa en un espacio de creaci\u00f3n art\u00edstica\u00a0<\/i><\/p>\n","protected":false},"author":1,"featured_media":12123,"comment_status":"open","ping_status":"open","sticky":false,"template":"","format":"standard","meta":{"inline_featured_image":false,"jnews-multi-image_gallery":[],"jnews_single_post":[],"jnews_primary_category":[],"jnews_social_meta":[],"jnews_override_counter":[],"jnews_post_split":[],"footnotes":""},"categories":[63],"tags":[82],"class_list":["post-12121","post","type-post","status-publish","format-standard","has-post-thumbnail","hentry","category-pajara","tag-fuerteventura"],"jetpack_featured_media_url":"https:\/\/informacionlocal.es\/wp-content\/uploads\/2025\/10\/simposio.jpeg","_links":{"self":[{"href":"https:\/\/informacionlocal.es\/en\/wp-json\/wp\/v2\/posts\/12121","targetHints":{"allow":["GET"]}}],"collection":[{"href":"https:\/\/informacionlocal.es\/en\/wp-json\/wp\/v2\/posts"}],"about":[{"href":"https:\/\/informacionlocal.es\/en\/wp-json\/wp\/v2\/types\/post"}],"author":[{"embeddable":true,"href":"https:\/\/informacionlocal.es\/en\/wp-json\/wp\/v2\/users\/1"}],"replies":[{"embeddable":true,"href":"https:\/\/informacionlocal.es\/en\/wp-json\/wp\/v2\/comments?post=12121"}],"version-history":[{"count":0,"href":"https:\/\/informacionlocal.es\/en\/wp-json\/wp\/v2\/posts\/12121\/revisions"}],"wp:featuredmedia":[{"embeddable":true,"href":"https:\/\/informacionlocal.es\/en\/wp-json\/wp\/v2\/media\/12123"}],"wp:attachment":[{"href":"https:\/\/informacionlocal.es\/en\/wp-json\/wp\/v2\/media?parent=12121"}],"wp:term":[{"taxonomy":"category","embeddable":true,"href":"https:\/\/informacionlocal.es\/en\/wp-json\/wp\/v2\/categories?post=12121"},{"taxonomy":"post_tag","embeddable":true,"href":"https:\/\/informacionlocal.es\/en\/wp-json\/wp\/v2\/tags?post=12121"}],"curies":[{"name":"wp","href":"https:\/\/api.w.org\/{rel}","templated":true}]}}