{"id":12109,"date":"2025-10-09T20:58:36","date_gmt":"2025-10-09T19:58:36","guid":{"rendered":"https:\/\/informacionlocal.es\/abierto-el-plazo-para-subsanar-documentacion-requerida-a-los-solicitantes-de-subvencion-en-materia-de-educacion\/"},"modified":"2025-10-09T20:58:36","modified_gmt":"2025-10-09T19:58:36","slug":"abierto-el-plazo-para-subsanar-documentacion-requerida-a-los-solicitantes-de-subvencion-en-materia-de-educacion","status":"publish","type":"post","link":"https:\/\/informacionlocal.es\/en\/abierto-el-plazo-para-subsanar-documentacion-requerida-a-los-solicitantes-de-subvencion-en-materia-de-educacion\/","title":{"rendered":"Abierto el plazo para subsanar documentaci\u00f3n requerida a los solicitantes de Subvenci\u00f3n en materia de Educaci\u00f3n"},"content":{"rendered":"<div class=\"elementor-widget-container\">\n<p><strong>Abierto el plazo para subsanar documentaci\u00f3n requerida a los solicitantes de Subvenci\u00f3n en materia de Educaci\u00f3n<\/strong><\/p>\n<p><strong>\u2022 Los solicitantes de Subvenci\u00f3n de Educaci\u00f3n que en su caso deban subsanar documentaci\u00f3n o certificados requeridos tienen de plazo hasta el 22 de octubre.<\/strong><\/p>\n<p>El Ayuntamiento de Antigua avisa p\u00fablicamente a aquellos vecinos y vecinas que hayan solicitado Subvenci\u00f3n en materia de Educaci\u00f3n, que tienen plazo hasta el 22 de octubre, si fuera el caso, para completar o subsanar cualquier requerimiento se\u00f1alado.<\/p>\n<p>La relaci\u00f3n de todas las solicitudes presentadas a las que se requiere documentaci\u00f3n o certificados necesarios, aparecen se\u00f1aladas en el Tabl\u00f3n de Anuncios de la Sede Electr\u00f3nica de la web del Ayuntamiento de Antigua, refiriendo en cada caso los documentos que faltan por presentar.<\/p>\n<p>El Ayuntamiento de Antigua destina 45.000 euros a esta Subvenci\u00f3n en Materia de Educaci\u00f3n que en tan s\u00f3lo dos a\u00f1os se ha incrementado en 15.000 euros, recuerda el alcalde que avisa a los solicitantes que esta ayuda bien merece consultar si esta correctamente presentada<\/p>\n<p>La Subvenci\u00f3n en materia de Educaci\u00f3n sufraga gastos de Transporte fuera del Municipio o fuera de la isla, el alojamiento fuera de Fuerteventura y la Adquisici\u00f3n de Material Escolar y Libros de Texto, recuerda la concejala de Educaci\u00f3n, Am\u00e9rica Soto Betancor, que recuerda que el plazo para subsanar, si fuera el caso, cualquier error o completar la documentaci\u00f3n es hasta el 22 de octubre.<\/p>\n<p>La concejala tambi\u00e9n recuerda que los requerimientos a las solicitudes presentadas, pueden consultarse en el Tabl\u00f3n de Anuncios de la sede electr\u00f3nica en la web www.ayto-antigua.es, en el departamento de Educaci\u00f3n o llamando al 928168170.<\/p>\n<p>\u00a0<\/p>\n<\/div>\n","protected":false},"excerpt":{"rendered":"<p><strong>Abierto el plazo para subsanar documentaci\u00f3n requerida a los solicitantes de Subvenci\u00f3n en materia de Educaci\u00f3n<\/strong><\/p>\n","protected":false},"author":1,"featured_media":12111,"comment_status":"open","ping_status":"open","sticky":false,"template":"","format":"standard","meta":{"inline_featured_image":false,"jnews-multi-image_gallery":[],"jnews_single_post":[],"jnews_primary_category":[],"jnews_social_meta":[],"jnews_override_counter":[],"jnews_post_split":[],"footnotes":""},"categories":[59],"tags":[73,82],"class_list":["post-12109","post","type-post","status-publish","format-standard","has-post-thumbnail","hentry","category-antigua","tag-educacion","tag-fuerteventura"],"jetpack_featured_media_url":"https:\/\/informacionlocal.es\/wp-content\/uploads\/2025\/10\/transporte-escolar-1-1.jpg","_links":{"self":[{"href":"https:\/\/informacionlocal.es\/en\/wp-json\/wp\/v2\/posts\/12109","targetHints":{"allow":["GET"]}}],"collection":[{"href":"https:\/\/informacionlocal.es\/en\/wp-json\/wp\/v2\/posts"}],"about":[{"href":"https:\/\/informacionlocal.es\/en\/wp-json\/wp\/v2\/types\/post"}],"author":[{"embeddable":true,"href":"https:\/\/informacionlocal.es\/en\/wp-json\/wp\/v2\/users\/1"}],"replies":[{"embeddable":true,"href":"https:\/\/informacionlocal.es\/en\/wp-json\/wp\/v2\/comments?post=12109"}],"version-history":[{"count":0,"href":"https:\/\/informacionlocal.es\/en\/wp-json\/wp\/v2\/posts\/12109\/revisions"}],"wp:featuredmedia":[{"embeddable":true,"href":"https:\/\/informacionlocal.es\/en\/wp-json\/wp\/v2\/media\/12111"}],"wp:attachment":[{"href":"https:\/\/informacionlocal.es\/en\/wp-json\/wp\/v2\/media?parent=12109"}],"wp:term":[{"taxonomy":"category","embeddable":true,"href":"https:\/\/informacionlocal.es\/en\/wp-json\/wp\/v2\/categories?post=12109"},{"taxonomy":"post_tag","embeddable":true,"href":"https:\/\/informacionlocal.es\/en\/wp-json\/wp\/v2\/tags?post=12109"}],"curies":[{"name":"wp","href":"https:\/\/api.w.org\/{rel}","templated":true}]}}