{"id":12085,"date":"2025-10-09T16:59:47","date_gmt":"2025-10-09T15:59:47","guid":{"rendered":"https:\/\/informacionlocal.es\/los-desayunos-tecnologicos-presentan-casos-de-exito-en-el-uso-del-marketing-digital\/"},"modified":"2025-10-09T16:59:47","modified_gmt":"2025-10-09T15:59:47","slug":"los-desayunos-tecnologicos-presentan-casos-de-exito-en-el-uso-del-marketing-digital","status":"publish","type":"post","link":"https:\/\/informacionlocal.es\/en\/los-desayunos-tecnologicos-presentan-casos-de-exito-en-el-uso-del-marketing-digital\/","title":{"rendered":"Los Desayunos Tecnol\u00f3gicos presentan casos de \u00e9xito en el uso del marketing digital"},"content":{"rendered":"<div class=\"entry-content\"><strong>9 octubre, 2025<\/strong><\/p>\n<p><strong><em>El evento reuni\u00f3 a expertos para mostrar c\u00f3mo el marketing digital y las redes sociales pueden ayudar a las empresas a crecer<\/em><\/strong><\/p>\n<p>El Cabildo de Fuerteventura, a trav\u00e9s de la Consejer\u00eda de Nuevas Tecnolog\u00edas que dirige Carmen Alonso, celebr\u00f3 una nueva edici\u00f3n de los Desayunos Tecnol\u00f3gicos de Fuerteventura bajo el lema \u201cMarketing Digital y Redes Sociales para Posicionar tu negocio y Hacerlo Crecer\u201d.<\/p>\n<p>El encuentro reuni\u00f3 a empresas, emprendedores, estudiantes y profesionales de distintos sectores, interesados en descubrir herramientas pr\u00e1cticas para mejorar su visibilidad online, atraer nuevos clientes y aumentar sus ventas a trav\u00e9s del marketing digital.<\/p>\n<p>Durante la jornada, los asistentes participaron en tres ponencias din\u00e1micas. La primera a cargo del CEO de KALYZ, Kevin Nanwani Medina, quien explic\u00f3 c\u00f3mo las estrategias digitales adecuadas pueden transformar la visibilidad en resultados reales. Soledad Orozco, CEO de LANSTRUM, mostr\u00f3 c\u00f3mo aprovechar las redes sociales para conectar con las personas y fidelizar clientes. Posteriormente, David Carre\u00f1o, CEO de WAARKET, destac\u00f3 el papel de la imagen y el dise\u00f1o visual en la construcci\u00f3n de marcas s\u00f3lidas.<\/p>\n<p>Adem\u00e1s, se presentaron dos casos de \u00e9xito locales que reflejaron el talento y la innovaci\u00f3n presentes en la Isla. Chantal Montaldo, colaboradora de Corralejo.info y presidenta de la asociaci\u00f3n My Fuerte Prod., comparti\u00f3 su experiencia en la promoci\u00f3n digital del comercio local, mientras que David Gonz\u00e1lez Mej\u00edas, fundador de FUERTESEO, explic\u00f3 c\u00f3mo el posicionamiento SEO puede ayudar a las peque\u00f1as empresas a competir con grandes marcas en internet.<\/p>\n<p>El evento concluy\u00f3 con una ronda de preguntas y un espacio de caf\u00e9 networking, que permiti\u00f3 a los asistentes intercambiar experiencias y establecer contactos profesionales.<\/p>\n<p>La consejera Carmen Alonso, agradeci\u00f3 el inter\u00e9s mostrado por el p\u00fablico, destacando que \u201cestos encuentros acercan la tecnolog\u00eda a las personas y contribuye a que las empresas majoreras den pasos firmes hacia su transformaci\u00f3n digital\u201d. \u201cEn este contexto, el marketing digital y las redes sociales son fundamentales para hacer crecer un negocio y esto es lo que hemos querido transmitir hoy aqu\u00ed, con expertos profesionales, a los que quiero agradecer su asistencia, y casos de \u00e9xito locales que nos han servido para ilustrar estos avances\u201d. <\/p>\n<p>Con esta edici\u00f3n, los Desayunos Tecnol\u00f3gicos vuelven a reafirmar el compromiso del Cabildo de Fuerteventura con la transformaci\u00f3n digital del tejido empresarial local.<\/p>\n<\/div>\n","protected":false},"excerpt":{"rendered":"<p>9 octubre, 2025 El evento reuni\u00f3 a expertos para mostrar c\u00f3mo el marketing digital y las redes sociales pueden ayudar a las empresas a crecer El Cabildo de Fuerteventura, a [&hellip;]<\/p>\n","protected":false},"author":1,"featured_media":12087,"comment_status":"open","ping_status":"open","sticky":false,"template":"","format":"standard","meta":{"inline_featured_image":false,"jnews-multi-image_gallery":[],"jnews_single_post":[],"jnews_primary_category":[],"jnews_social_meta":[],"jnews_override_counter":[],"jnews_post_split":[],"footnotes":""},"categories":[58],"tags":[82],"class_list":["post-12085","post","type-post","status-publish","format-standard","has-post-thumbnail","hentry","category-cabildo","tag-fuerteventura"],"jetpack_featured_media_url":"https:\/\/informacionlocal.es\/wp-content\/uploads\/2025\/10\/1760014313-70cd51b41cd69e0b428c2ebd47784b58.jpg","_links":{"self":[{"href":"https:\/\/informacionlocal.es\/en\/wp-json\/wp\/v2\/posts\/12085","targetHints":{"allow":["GET"]}}],"collection":[{"href":"https:\/\/informacionlocal.es\/en\/wp-json\/wp\/v2\/posts"}],"about":[{"href":"https:\/\/informacionlocal.es\/en\/wp-json\/wp\/v2\/types\/post"}],"author":[{"embeddable":true,"href":"https:\/\/informacionlocal.es\/en\/wp-json\/wp\/v2\/users\/1"}],"replies":[{"embeddable":true,"href":"https:\/\/informacionlocal.es\/en\/wp-json\/wp\/v2\/comments?post=12085"}],"version-history":[{"count":0,"href":"https:\/\/informacionlocal.es\/en\/wp-json\/wp\/v2\/posts\/12085\/revisions"}],"wp:featuredmedia":[{"embeddable":true,"href":"https:\/\/informacionlocal.es\/en\/wp-json\/wp\/v2\/media\/12087"}],"wp:attachment":[{"href":"https:\/\/informacionlocal.es\/en\/wp-json\/wp\/v2\/media?parent=12085"}],"wp:term":[{"taxonomy":"category","embeddable":true,"href":"https:\/\/informacionlocal.es\/en\/wp-json\/wp\/v2\/categories?post=12085"},{"taxonomy":"post_tag","embeddable":true,"href":"https:\/\/informacionlocal.es\/en\/wp-json\/wp\/v2\/tags?post=12085"}],"curies":[{"name":"wp","href":"https:\/\/api.w.org\/{rel}","templated":true}]}}