{"id":12031,"date":"2025-10-08T17:58:24","date_gmt":"2025-10-08T16:58:24","guid":{"rendered":"https:\/\/informacionlocal.es\/candil-de-cuentos-ofrece-cada-jueves-el-taller-donde-habitan-las-historias\/"},"modified":"2025-10-08T17:58:24","modified_gmt":"2025-10-08T16:58:24","slug":"candil-de-cuentos-ofrece-cada-jueves-el-taller-donde-habitan-las-historias","status":"publish","type":"post","link":"https:\/\/informacionlocal.es\/en\/candil-de-cuentos-ofrece-cada-jueves-el-taller-donde-habitan-las-historias\/","title":{"rendered":"Candil de Cuentos ofrece cada jueves el taller Donde habitan las historias"},"content":{"rendered":"<div class=\"elementor-widget-container\">\n<p><strong>Candil de Cuentos ofrece cada jueves el taller Donde habitan las historias<\/strong><\/p>\n<p><strong>\u2022 Candil de Cuentos cuenta historias los viernes, pero ense\u00f1a como construirlas cada jueves en el taller que imparte la cuentacuentos Gema Guti\u00e9rrez Escobar.<\/strong><\/p>\n<p><strong>\u2022 Candil de Cuentos ofrece este jueves por la tarde a las 19:30 horas el Taller Donde habitan las historias, y este viernes 9 de octubre a las 19:30 horas la narraci\u00f3n del cuentero Fabio Gonz\u00e1lez con su espect\u00e1culo El soldado que enga\u00f1\u00f3 a la Muerte.<\/strong><\/p>\n<div class=\"wp-video\"><video class=\"wp-video-shortcode\" id=\"video-9337-1\" width=\"480\" height=\"208\" preload=\"metadata\" controls=\"controls\"><source type=\"video\/mp4\" src=\"https:\/\/ayto-antigua.es\/wp-content\/uploads\/2025\/10\/Video-de-WhatsApp-2025-10-07-a-las-14.41.44_d2d9ac57.mp4?_=1\" \/><\/video><\/div>\n<p>Octubre en Antigua es el mes de Candil de Cuentos ofreciendo cada jueves un taller creativo de la palabra dicha, la historia contada y sus expresiones que imparte la cuentacuentos Gema Guti\u00e9rrez Escobar, art\u00edsticamente conocida como GemaGe, explica el concejal de Cultura, Jonathan Pe\u00f1a, que recuerda tambi\u00e9n que cada semana, los viernes por la tarde, podemos disfrutar de un cuentacuentos para adultos, en el patio de El Port\u00f3n en la Biblioteca Municipal de Antigua.<\/p>\n<p>El comienzo de la quinta edici\u00f3n de Candil de Cuentos la pasada semana, primera de octubre, fue un \u00e9xito por el n\u00famero de asistentes y el cercano espect\u00e1culo ofrecido, afirma el alcalde, Mat\u00edas Pe\u00f1a, y ya se prev\u00e9 una alta asistencia esta semana tanto a su Taller candilero de cada jueves como a su narraci\u00f3n oral de historias para adultos cada viernes.<\/p>\n<p>Para ambas citas de Candil de Cuentos puede ampliarse informaci\u00f3n o reservar plaza de asistencia, por el limitado aforo, llamando al 928549663 de lunes a viernes de 14 a 20:00 horas o enviando un email a biblioteca@ayto-antigua.es<\/p>\n<\/div>\n","protected":false},"excerpt":{"rendered":"<p><strong>Candil de Cuentos ofrece cada jueves el taller Donde habitan las historias<\/strong><\/p>\n","protected":false},"author":1,"featured_media":12033,"comment_status":"open","ping_status":"open","sticky":false,"template":"","format":"standard","meta":{"inline_featured_image":false,"jnews-multi-image_gallery":[],"jnews_single_post":[],"jnews_primary_category":[],"jnews_social_meta":[],"jnews_override_counter":[],"jnews_post_split":[],"footnotes":""},"categories":[59],"tags":[],"class_list":["post-12031","post","type-post","status-publish","format-standard","has-post-thumbnail","hentry","category-antigua"],"jetpack_featured_media_url":"https:\/\/informacionlocal.es\/wp-content\/uploads\/2025\/10\/post-cartel-02-scaled-1.jpg","_links":{"self":[{"href":"https:\/\/informacionlocal.es\/en\/wp-json\/wp\/v2\/posts\/12031","targetHints":{"allow":["GET"]}}],"collection":[{"href":"https:\/\/informacionlocal.es\/en\/wp-json\/wp\/v2\/posts"}],"about":[{"href":"https:\/\/informacionlocal.es\/en\/wp-json\/wp\/v2\/types\/post"}],"author":[{"embeddable":true,"href":"https:\/\/informacionlocal.es\/en\/wp-json\/wp\/v2\/users\/1"}],"replies":[{"embeddable":true,"href":"https:\/\/informacionlocal.es\/en\/wp-json\/wp\/v2\/comments?post=12031"}],"version-history":[{"count":0,"href":"https:\/\/informacionlocal.es\/en\/wp-json\/wp\/v2\/posts\/12031\/revisions"}],"wp:featuredmedia":[{"embeddable":true,"href":"https:\/\/informacionlocal.es\/en\/wp-json\/wp\/v2\/media\/12033"}],"wp:attachment":[{"href":"https:\/\/informacionlocal.es\/en\/wp-json\/wp\/v2\/media?parent=12031"}],"wp:term":[{"taxonomy":"category","embeddable":true,"href":"https:\/\/informacionlocal.es\/en\/wp-json\/wp\/v2\/categories?post=12031"},{"taxonomy":"post_tag","embeddable":true,"href":"https:\/\/informacionlocal.es\/en\/wp-json\/wp\/v2\/tags?post=12031"}],"curies":[{"name":"wp","href":"https:\/\/api.w.org\/{rel}","templated":true}]}}