{"id":11995,"date":"2025-10-08T11:58:30","date_gmt":"2025-10-08T10:58:30","guid":{"rendered":"https:\/\/informacionlocal.es\/el-ayuntamiento-de-pajara-impulsa-junto-a-costas-canarias-nuevos-proyectos-que-mejoren-el-litoral\/"},"modified":"2025-10-08T11:58:30","modified_gmt":"2025-10-08T10:58:30","slug":"el-ayuntamiento-de-pajara-impulsa-junto-a-costas-canarias-nuevos-proyectos-que-mejoren-el-litoral","status":"publish","type":"post","link":"https:\/\/informacionlocal.es\/en\/el-ayuntamiento-de-pajara-impulsa-junto-a-costas-canarias-nuevos-proyectos-que-mejoren-el-litoral\/","title":{"rendered":"El Ayuntamiento de P\u00e1jara impulsa junto a Costas Canarias nuevos proyectos que mejoren el litoral\u00a0"},"content":{"rendered":"<div class=\"entry-content\">\n<p><b><i>La reuni\u00f3n sirvi\u00f3 para tratar de desbloquear obras que son demandas hist\u00f3ricas de los vecinos y vecinas y que mejorar\u00e1n su calidad de vida\u00a0<\/i><\/b><\/p>\n<p><span>El Ayuntamiento de P\u00e1jara ha mantenido una reuni\u00f3n de trabajo con el director general de Costas y Gesti\u00f3n del Espacio Mar\u00edtimo del Gobierno de Canarias, Antonio Acosta, con el objetivo de impulsar y desbloquear diferentes actuaciones destinadas a mejorar y revalorizar el litoral del municipio.\u00a0<\/span><\/p>\n<p><span>En el encuentro participaron el primer teniente de alcalde y concejal de Obras, Alexis Alonso, y el concejal de Playas, Raimundo Dacosta, quienes trasladaron al director general varios proyectos clave para dar respuesta a las necesidades de la poblaci\u00f3n residente y a los visitantes.\u00a0<\/span><\/p>\n<p><span>Ambos agradecieron al director general Antonio Acosta \u201csu plena disposici\u00f3n desde el primer minuto\u201d para desbloquear todos los proyectos que permitir\u00e1n la dinamizaci\u00f3n del litoral de P\u00e1jara.\u00a0<\/span><\/p>\n<p><span>Por su parte, Alexis Alonso, insisti\u00f3 en la importancia de que esta colaboraci\u00f3n entre el Ayuntamiento y Costas Canarias facilite el desbloqueo de varias iniciativas que son demandas hist\u00f3ricas de la ciudadan\u00eda. En este sentido, cit\u00f3 la obra de la Avenida de La Lajita, la peatonalizaci\u00f3n de Ajuy o el enlace con el Puerto de Morro Jable con la avenida del pueblo, entre otras iniciativas. Destac\u00f3 tambi\u00e9n peque\u00f1as obras que servir\u00e1n para mejorar el d\u00eda a d\u00eda como es el caso de la recuperaci\u00f3n de la laguna de Los Gorriones.<\/span><\/p>\n<p><span>Adem\u00e1s, Raimundo Dacosta explic\u00f3 que el Ayuntamiento trabaja ya para sacar cuanto antes la nueva licitaci\u00f3n para la mejora de las instalaciones deportivas, las hamacas y los chiringuitos de las playas del municipio. \u201cP\u00e1jara lleva a\u00f1os consolid\u00e1ndose como espacio comprometido con el bienestar tur\u00edstico y con la mejora de la calidad de estos servicios, por ende, este tipo de encuentros son fundamentales para contribuir en el avance y desarrollo\u201d.<\/span><\/p>\n<p><span>Con este tipo de encuentros, el Ayuntamiento busca impulsar un enfoque integral que permita potenciar el atractivo tur\u00edstico del municipio, favorecer la actividad econ\u00f3mica local y garantizar la adecuada conservaci\u00f3n de sus espacios naturales costeros a largo plazo. <\/span><\/p>\n<\/div>\n","protected":false},"excerpt":{"rendered":"<p><i>La reuni\u00f3n sirvi\u00f3 para tratar de desbloquear obras que son demandas hist\u00f3ricas de los vecinos y vecinas y que mejorar\u00e1n su calidad de vida\u00a0<\/i><\/p>\n","protected":false},"author":1,"featured_media":11997,"comment_status":"open","ping_status":"open","sticky":false,"template":"","format":"standard","meta":{"inline_featured_image":false,"jnews-multi-image_gallery":[],"jnews_single_post":[],"jnews_primary_category":[],"jnews_social_meta":[],"jnews_override_counter":[],"jnews_post_split":[],"footnotes":""},"categories":[63],"tags":[],"class_list":["post-11995","post","type-post","status-publish","format-standard","has-post-thumbnail","hentry","category-pajara"],"jetpack_featured_media_url":"https:\/\/informacionlocal.es\/wp-content\/uploads\/2025\/10\/costas-scaled-1.jpeg","_links":{"self":[{"href":"https:\/\/informacionlocal.es\/en\/wp-json\/wp\/v2\/posts\/11995","targetHints":{"allow":["GET"]}}],"collection":[{"href":"https:\/\/informacionlocal.es\/en\/wp-json\/wp\/v2\/posts"}],"about":[{"href":"https:\/\/informacionlocal.es\/en\/wp-json\/wp\/v2\/types\/post"}],"author":[{"embeddable":true,"href":"https:\/\/informacionlocal.es\/en\/wp-json\/wp\/v2\/users\/1"}],"replies":[{"embeddable":true,"href":"https:\/\/informacionlocal.es\/en\/wp-json\/wp\/v2\/comments?post=11995"}],"version-history":[{"count":0,"href":"https:\/\/informacionlocal.es\/en\/wp-json\/wp\/v2\/posts\/11995\/revisions"}],"wp:featuredmedia":[{"embeddable":true,"href":"https:\/\/informacionlocal.es\/en\/wp-json\/wp\/v2\/media\/11997"}],"wp:attachment":[{"href":"https:\/\/informacionlocal.es\/en\/wp-json\/wp\/v2\/media?parent=11995"}],"wp:term":[{"taxonomy":"category","embeddable":true,"href":"https:\/\/informacionlocal.es\/en\/wp-json\/wp\/v2\/categories?post=11995"},{"taxonomy":"post_tag","embeddable":true,"href":"https:\/\/informacionlocal.es\/en\/wp-json\/wp\/v2\/tags?post=11995"}],"curies":[{"name":"wp","href":"https:\/\/api.w.org\/{rel}","templated":true}]}}