{"id":11989,"date":"2025-10-08T10:58:47","date_gmt":"2025-10-08T09:58:47","guid":{"rendered":"https:\/\/informacionlocal.es\/el-v-festival-folclorico-la-sebada-celebra-la-musica-y-la-tradicion-canaria-en-morro-jable\/"},"modified":"2025-10-08T10:58:47","modified_gmt":"2025-10-08T09:58:47","slug":"el-v-festival-folclorico-la-sebada-celebra-la-musica-y-la-tradicion-canaria-en-morro-jable","status":"publish","type":"post","link":"https:\/\/informacionlocal.es\/en\/el-v-festival-folclorico-la-sebada-celebra-la-musica-y-la-tradicion-canaria-en-morro-jable\/","title":{"rendered":"El V Festival Folcl\u00f3rico La Sebada celebra la m\u00fasica y la tradici\u00f3n canaria en Morro Jable\u00a0"},"content":{"rendered":"<div class=\"entry-content\">\n<p><b><i>El evento se celebrar\u00e1 el pr\u00f3ximo s\u00e1bado 18 de octubre con la participaci\u00f3n de agrupaciones canarias y homenajes al patrimonio local\u00a0<\/i><\/b><\/p>\n<p><span>El Ayuntamiento de P\u00e1jara presenta el V Festival Folcl\u00f3rico La Sebada, que se celebrar\u00e1 el pr\u00f3ximo s\u00e1bado 18 de octubre a las 20:00 horas en la plaza de los Pescadores en Morro Jable. Este evento, consolidado en el calendario cultural del municipio y de la isla, est\u00e1 dedicado a la promoci\u00f3n y preservaci\u00f3n de las tradiciones musicales y populares de Canarias.\u00a0<\/span><\/p>\n<p><span>El festival, organizado por la asociaci\u00f3n Cultural Parranda La Sebada, reunir\u00e1 a destacadas agrupaciones del archipi\u00e9lago entre ellas la Asociaci\u00f3n Folcl\u00f3rica Cendro y la Asociaci\u00f3n Cultural El Salitre del Fayc\u00e1n de Gran Canaria, la Asociaci\u00f3n Folcl\u00f3rica Echeyde Valle Verde de Tenerife y la Asociaci\u00f3n Cultural Erasmo Hern\u00e1ndez de Gran Canaria. Durante la jornada, los asistentes podr\u00e1n disfrutar de un recorrido por los distintos sonidos, bailes y manifestaciones culturales que conforman la identidad del pueblo canario.<\/span><\/p>\n<p><span>La concejala de Cultura, \u00c1ngeles Acosta, destaca que \u201ceste evento constituye un espacio institucional de referencia para la promoci\u00f3n de la cultura y las tradiciones de Canarias. Adem\u00e1s, refuerza la identidad local, fomenta la participaci\u00f3n ciudadana y reconoce a quienes trabajan por la preservaci\u00f3n de nuestro patrimonio cultural\u201d.\u00a0<\/span><\/p>\n<p><span>Por su parte, el alcalde de P\u00e1jara, Alejandro Jorge, anima a la poblaci\u00f3n y a los visitantes a que \u201cdisfruten de una noche de buena m\u00fasica en nuestro acogedor municipio\u201d y felicita a la Parranda La Sebada por \u201cel gran trabajo que durante tantos a\u00f1os ha estado haciendo por nuestra m\u00fasica popular\u201d.\u00a0<\/span><\/p>\n<p><span>Como muestra de compromiso con la difusi\u00f3n y preservaci\u00f3n del patrimonio cultural, el festival incluir\u00e1 un acto de homenaje a personas y entidades cuya labor ha sido fundamental en la conservaci\u00f3n del patrimonio inmaterial de Fuerteventura. Este a\u00f1o los galardonados ser\u00e1n Mar\u00eda Hern\u00e1ndez, artesana especializada en la cester\u00eda de palma; Pedro Jos\u00e9 Vera y Juan Antonio Cabrera, miembros de la agrupaci\u00f3n folcl\u00f3rica Tetir, por su labor en la transmisi\u00f3n del torque tradicional de lapas; y la Asociaci\u00f3n de Discapacitados de Fuerteventura (ADISFUER), por su dedicaci\u00f3n a la inclusi\u00f3n plena de las personas con discapacidad. <\/span><\/p>\n<\/div>\n","protected":false},"excerpt":{"rendered":"<p><i>El evento se celebrar\u00e1 el pr\u00f3ximo s\u00e1bado 18 de octubre con la participaci\u00f3n de agrupaciones canarias y homenajes al patrimonio local\u00a0<\/i><\/p>\n","protected":false},"author":1,"featured_media":11991,"comment_status":"open","ping_status":"open","sticky":false,"template":"","format":"standard","meta":{"inline_featured_image":false,"jnews-multi-image_gallery":[],"jnews_single_post":[],"jnews_primary_category":[],"jnews_social_meta":[],"jnews_override_counter":[],"jnews_post_split":[],"footnotes":""},"categories":[63],"tags":[82],"class_list":["post-11989","post","type-post","status-publish","format-standard","has-post-thumbnail","hentry","category-pajara","tag-fuerteventura"],"jetpack_featured_media_url":"https:\/\/informacionlocal.es\/wp-content\/uploads\/2025\/10\/la-sebada.png","_links":{"self":[{"href":"https:\/\/informacionlocal.es\/en\/wp-json\/wp\/v2\/posts\/11989","targetHints":{"allow":["GET"]}}],"collection":[{"href":"https:\/\/informacionlocal.es\/en\/wp-json\/wp\/v2\/posts"}],"about":[{"href":"https:\/\/informacionlocal.es\/en\/wp-json\/wp\/v2\/types\/post"}],"author":[{"embeddable":true,"href":"https:\/\/informacionlocal.es\/en\/wp-json\/wp\/v2\/users\/1"}],"replies":[{"embeddable":true,"href":"https:\/\/informacionlocal.es\/en\/wp-json\/wp\/v2\/comments?post=11989"}],"version-history":[{"count":0,"href":"https:\/\/informacionlocal.es\/en\/wp-json\/wp\/v2\/posts\/11989\/revisions"}],"wp:featuredmedia":[{"embeddable":true,"href":"https:\/\/informacionlocal.es\/en\/wp-json\/wp\/v2\/media\/11991"}],"wp:attachment":[{"href":"https:\/\/informacionlocal.es\/en\/wp-json\/wp\/v2\/media?parent=11989"}],"wp:term":[{"taxonomy":"category","embeddable":true,"href":"https:\/\/informacionlocal.es\/en\/wp-json\/wp\/v2\/categories?post=11989"},{"taxonomy":"post_tag","embeddable":true,"href":"https:\/\/informacionlocal.es\/en\/wp-json\/wp\/v2\/tags?post=11989"}],"curies":[{"name":"wp","href":"https:\/\/api.w.org\/{rel}","templated":true}]}}