{"id":11983,"date":"2025-10-07T19:00:06","date_gmt":"2025-10-07T18:00:06","guid":{"rendered":"https:\/\/informacionlocal.es\/abierta-la-inscripcion-a-la-ultima-caminata-de-temporada-de-antigua-se-mueve\/"},"modified":"2025-10-07T19:00:06","modified_gmt":"2025-10-07T18:00:06","slug":"abierta-la-inscripcion-a-la-ultima-caminata-de-temporada-de-antigua-se-mueve","status":"publish","type":"post","link":"https:\/\/informacionlocal.es\/en\/abierta-la-inscripcion-a-la-ultima-caminata-de-temporada-de-antigua-se-mueve\/","title":{"rendered":"Abierta la inscripci\u00f3n a la \u00faltima caminata de temporada de Antigua se Mueve"},"content":{"rendered":"<div class=\"elementor-widget-container\">\n<p><strong>Abierta la inscripci\u00f3n a la \u00faltima caminata de temporada de Antigua se Mueve<\/strong><\/p>\n<p><strong>\u2022 Hasta el 10 de octubre o completar plazas las personas interesadas pueden inscribirse, siempre gratuitamente, por Registro de Entrada en el Ayuntamiento de Antigua, Tenencia de Alcald\u00eda en Caleta de Fuste o sede electr\u00f3nica.<\/strong><\/p>\n<p><strong>\u2022 La caminata propuesta de P\u00e1jara a Card\u00f3n, cierra temporada y se celebra el pr\u00f3ximo 18 de octubre.<\/strong><\/p>\n<p>El programa de senderismo organizado por el Ayuntamiento de Antigua desde las concejal\u00edas de Juventud y Deportes llega a su fin de temporada, proponiendo un reto ambicioso con la ruta de P\u00e1jara a Card\u00f3n el s\u00e1bado 18 de octubre, se\u00f1ala el alcalde, Mat\u00edas Pe\u00f1a Garc\u00eda.<\/p>\n<p>El plazo de inscripci\u00f3n permanece abierto hasta el 10 de octubre o cubrir las plazas disponibles, recuerda el concejal de Juventud, Pedro M. Armas, que recuerda debe realizarse por Registro de Entrada en el Ayuntamiento de Antigua, Tenencia de Alcald\u00eda en Caleta de Fuste o por sede electr\u00f3nica en la web www.ayto-antigua.es<\/p>\n<p>Como en cada una de las siete rutas propuestas, a\u00f1ade Armas, el Ayuntamiento de Antigua dispone el desplazamiento, los gu\u00edas en ruta que explican historias y detalles de cada lugar recorrido y el tentempi\u00e9 final para recuperar fuerzas y compartir los momentos vividos en el camino.<\/p>\n<p>El concejal de Deportes, Samuel Torres, recuerda que el atuendo debe ser c\u00f3modo y deportivo, sin olvidar una gorra y cremas que protejan de quemaduras por el sol, as\u00ed como calzado deportivo y agua para hidratarse en una ruta de dificultad media-alta de 15 kil\u00f3metros, afirma el concejal, en un esfuerzo saludable que adem\u00e1s queda compensado por las vistas y parajes que permite disfrutar.<\/p>\n<\/div>\n","protected":false},"excerpt":{"rendered":"<p><strong>Abierta la inscripci\u00f3n a la \u00faltima caminata de temporada de Antigua se Mueve<\/strong><\/p>\n","protected":false},"author":1,"featured_media":11985,"comment_status":"open","ping_status":"open","sticky":false,"template":"","format":"standard","meta":{"inline_featured_image":false,"jnews-multi-image_gallery":[],"jnews_single_post":[],"jnews_primary_category":[],"jnews_social_meta":[],"jnews_override_counter":[],"jnews_post_split":[],"footnotes":""},"categories":[59],"tags":[],"class_list":["post-11983","post","type-post","status-publish","format-standard","has-post-thumbnail","hentry","category-antigua"],"jetpack_featured_media_url":"https:\/\/informacionlocal.es\/wp-content\/uploads\/2025\/10\/senderistas-de-antigua-recorriendo-los-caminos-de-la-isla-2.jpg","_links":{"self":[{"href":"https:\/\/informacionlocal.es\/en\/wp-json\/wp\/v2\/posts\/11983","targetHints":{"allow":["GET"]}}],"collection":[{"href":"https:\/\/informacionlocal.es\/en\/wp-json\/wp\/v2\/posts"}],"about":[{"href":"https:\/\/informacionlocal.es\/en\/wp-json\/wp\/v2\/types\/post"}],"author":[{"embeddable":true,"href":"https:\/\/informacionlocal.es\/en\/wp-json\/wp\/v2\/users\/1"}],"replies":[{"embeddable":true,"href":"https:\/\/informacionlocal.es\/en\/wp-json\/wp\/v2\/comments?post=11983"}],"version-history":[{"count":0,"href":"https:\/\/informacionlocal.es\/en\/wp-json\/wp\/v2\/posts\/11983\/revisions"}],"wp:featuredmedia":[{"embeddable":true,"href":"https:\/\/informacionlocal.es\/en\/wp-json\/wp\/v2\/media\/11985"}],"wp:attachment":[{"href":"https:\/\/informacionlocal.es\/en\/wp-json\/wp\/v2\/media?parent=11983"}],"wp:term":[{"taxonomy":"category","embeddable":true,"href":"https:\/\/informacionlocal.es\/en\/wp-json\/wp\/v2\/categories?post=11983"},{"taxonomy":"post_tag","embeddable":true,"href":"https:\/\/informacionlocal.es\/en\/wp-json\/wp\/v2\/tags?post=11983"}],"curies":[{"name":"wp","href":"https:\/\/api.w.org\/{rel}","templated":true}]}}