{"id":11977,"date":"2025-10-07T18:02:58","date_gmt":"2025-10-07T17:02:58","guid":{"rendered":"https:\/\/informacionlocal.es\/comisario-y-subcomisario-de-la-policia-autonomica-canaria-se-presentan-en-antigua\/"},"modified":"2025-10-07T18:02:58","modified_gmt":"2025-10-07T17:02:58","slug":"comisario-y-subcomisario-de-la-policia-autonomica-canaria-se-presentan-en-antigua","status":"publish","type":"post","link":"https:\/\/informacionlocal.es\/en\/comisario-y-subcomisario-de-la-policia-autonomica-canaria-se-presentan-en-antigua\/","title":{"rendered":"Comisario y Subcomisario de la Polic\u00eda Auton\u00f3mica Canaria se presentan en Antigua"},"content":{"rendered":"<div class=\"elementor-widget-container\">\n<p><strong>Comisario y Subcomisario de la Polic\u00eda Auton\u00f3mica Canaria se presentan en Antigua<\/strong><\/p>\n<p><strong>\u2022 Los mandos responsables en la isla de los equipos de la Polic\u00eda Auton\u00f3mica de Canaria que actuar\u00e1n en el Municipio de Antigua se presentan ante el alcalde de Antigua.<\/strong><\/p>\n<p><strong>\u2022 El alcalde agradece la disposici\u00f3n de los responsables de la Polic\u00eda Auton\u00f3mica Canaria en reforzar el trabajo desarrollado y coordinado por la Polic\u00eda Local y Guardia Civil.<\/strong><\/p>\n<p>El alcalde de Antigua, Mat\u00edas Pe\u00f1a Garc\u00eda ha recibido este lunes 6 de octubre por la tarde, al Comisario Jefe, Jos\u00e9 Antonio Prieto y Sub Comisario, Francisco Cabrera, responsables de los dispositivos y equipos de agentes destinados y que pr\u00f3ximamente se desplazar\u00e1n al Municipio de Antigua.<\/p>\n<p>Ambos responsables solicitaron este encuentro para presentarse formalmente al alcalde y mantener un primer contacto, previo a las reuniones que se mantengan pr\u00f3ximamente de coordinaci\u00f3n y trabajo.<\/p>\n<p>Responder a la petici\u00f3n del Ayuntamiento de Antigua en trasladar equipos de agentes de la Polic\u00eda Auton\u00f3mica Canaria, poni\u00e9ndonos a disposici\u00f3n de los objetivos marcados por la Polic\u00eda Local, es nuestro prop\u00f3sito y as\u00ed se lo hemos trasladado al alcalde que quer\u00edamos conocer en persona por su conocido talante para crear e impulsar equipos de trabajo, se\u00f1alaba el Comisario Jefe.<\/p>\n<p>Agradezco este encuentro y su disposici\u00f3n y \u00e1nimo en reforzar la seguridad en el Municipio de Antigua, afirmaba Mat\u00edas Pe\u00f1a, respaldando y coordinando con la Polic\u00eda Local y Guardia Civil, el trabajo hasta ahora desarrollado de forma presencial, preventivo y de actuaci\u00f3n si fuese necesario.<\/p>\n<p>\u00a0<\/p>\n<\/div>\n","protected":false},"excerpt":{"rendered":"<p><strong>Comisario y Subcomisario de la Polic\u00eda Auton\u00f3mica Canaria se presentan en Antigua<\/strong><\/p>\n","protected":false},"author":1,"featured_media":11979,"comment_status":"open","ping_status":"open","sticky":false,"template":"","format":"standard","meta":{"inline_featured_image":false,"jnews-multi-image_gallery":[],"jnews_single_post":[],"jnews_primary_category":[],"jnews_social_meta":[],"jnews_override_counter":[],"jnews_post_split":[],"footnotes":""},"categories":[59],"tags":[],"class_list":["post-11977","post","type-post","status-publish","format-standard","has-post-thumbnail","hentry","category-antigua"],"jetpack_featured_media_url":"https:\/\/informacionlocal.es\/wp-content\/uploads\/2025\/10\/comisario-y-subcomisario-de-la-policia-autonomica-canaria-se-presentan-al-alcalde-de-antigua-4-scaled-1.jpg","_links":{"self":[{"href":"https:\/\/informacionlocal.es\/en\/wp-json\/wp\/v2\/posts\/11977","targetHints":{"allow":["GET"]}}],"collection":[{"href":"https:\/\/informacionlocal.es\/en\/wp-json\/wp\/v2\/posts"}],"about":[{"href":"https:\/\/informacionlocal.es\/en\/wp-json\/wp\/v2\/types\/post"}],"author":[{"embeddable":true,"href":"https:\/\/informacionlocal.es\/en\/wp-json\/wp\/v2\/users\/1"}],"replies":[{"embeddable":true,"href":"https:\/\/informacionlocal.es\/en\/wp-json\/wp\/v2\/comments?post=11977"}],"version-history":[{"count":0,"href":"https:\/\/informacionlocal.es\/en\/wp-json\/wp\/v2\/posts\/11977\/revisions"}],"wp:featuredmedia":[{"embeddable":true,"href":"https:\/\/informacionlocal.es\/en\/wp-json\/wp\/v2\/media\/11979"}],"wp:attachment":[{"href":"https:\/\/informacionlocal.es\/en\/wp-json\/wp\/v2\/media?parent=11977"}],"wp:term":[{"taxonomy":"category","embeddable":true,"href":"https:\/\/informacionlocal.es\/en\/wp-json\/wp\/v2\/categories?post=11977"},{"taxonomy":"post_tag","embeddable":true,"href":"https:\/\/informacionlocal.es\/en\/wp-json\/wp\/v2\/tags?post=11977"}],"curies":[{"name":"wp","href":"https:\/\/api.w.org\/{rel}","templated":true}]}}