{"id":11941,"date":"2025-10-06T20:01:42","date_gmt":"2025-10-06T19:01:42","guid":{"rendered":"https:\/\/informacionlocal.es\/el-cabildo-conmemora-el-dia-de-la-salud-mental-con-unas-jornadas-los-dias-14-y-15-de-octubre\/"},"modified":"2025-10-06T20:01:42","modified_gmt":"2025-10-06T19:01:42","slug":"el-cabildo-conmemora-el-dia-de-la-salud-mental-con-unas-jornadas-los-dias-14-y-15-de-octubre","status":"publish","type":"post","link":"https:\/\/informacionlocal.es\/en\/el-cabildo-conmemora-el-dia-de-la-salud-mental-con-unas-jornadas-los-dias-14-y-15-de-octubre\/","title":{"rendered":"El Cabildo conmemora el D\u00eda de La Salud mental con unas jornadas los d\u00edas 14 y 15 de octubre"},"content":{"rendered":"<div class=\"entry-content\"><strong>6 octubre, 2025<\/strong><\/p>\n<p>El Cabildo de Fuerteventura conmemora el D\u00eda Mundial de la Salud<br \/>\nMental con una serie de actividades, organizadas por la Consejer\u00eda de Acci\u00f3n<br \/>\nSocial, que dirige V\u00edctor Alonso, desde el Servicio de Informaci\u00f3n y Prevenci\u00f3n<br \/>\nde Adicciones (SIPA). Cuentan con la colaboraci\u00f3n del Servicio Canario de Salud<br \/>\ny Asomasamen.<\/p>\n<p>Bajo el t\u00edtulo \u2018Jornadas de Salud Mental y su abordaje desde una<br \/>\nperspectiva transversal\u2019, las jornadas se celebrar\u00e1n los d\u00edas 14 y 15 de<br \/>\noctubre en el Sal\u00f3n de Actos del Centro Insular de Juventud, dirigidas a<br \/>\nexpertos en el \u00e1mbito sociosanitario y poblaci\u00f3n general, con el objetivo de<br \/>\npromover la concienciaci\u00f3n sobre la salud mental y fomentar el bienestar<br \/>\nemocional, teniendo en cuenta los factores que pueden influir en ellas. <\/p>\n<p>El lunes 14 se presentar\u00e1n los recursos de salud mental de la isla<br \/>\ny se tratar\u00e1n temas como el cuidado personal, la prevenci\u00f3n del suicidio<br \/>\ninfanto-juvenil y el deporte como factor en la salud mental.<\/p>\n<p>El martes 15 se abordar\u00e1 la salud mental desde una mirada<br \/>\nintegral, la perspectiva de g\u00e9nero, la influencia de la alimentaci\u00f3n y el papel<br \/>\nde las familias en la gesti\u00f3n emocional.<\/p>\n<p>Las plazas son limitadas y las personas deben inscribirse<br \/>\npreviamente a trav\u00e9s del formulario: https:\/\/docs.google.com\/forms\/d\/e\/1FAIpQLSdJycZklpIUQYrxAo46WYFWcr8cgL9XLBxfGE3o05QsuK4Aqw\/viewform?pli=1<\/p>\n<p>El consejero de Acci\u00f3n Social, V\u00edctor Alonso, se\u00f1al\u00f3 que \u201cla salud<br \/>\nmental es un pilar esencial del bienestar y requiere un abordaje integral que<br \/>\ninvolucre a toda la comunidad. Estas jornadas pretenden ofrecer herramientas y<br \/>\nreflexi\u00f3n para seguir avanzando hacia una sociedad m\u00e1s consciente y saludable\u201d.<\/p>\n<p>El consejero insular recuerda que \u201cgracias a la labor de las<br \/>\nasociaciones, hemos avanzado en coordinaci\u00f3n con todos los y las profesionales<br \/>\ndel \u00e1mbito de la salud mental, un problema que nos ata\u00f1e a todos y todas y que<br \/>\nnecesita de una actuaci\u00f3n y soluci\u00f3n global\u201d.<\/p>\n<\/div>\n","protected":false},"excerpt":{"rendered":"<p>6 octubre, 2025 El Cabildo de Fuerteventura conmemora el D\u00eda Mundial de la Salud Mental con una serie de actividades, organizadas por la Consejer\u00eda de Acci\u00f3n Social, que dirige V\u00edctor [&hellip;]<\/p>\n","protected":false},"author":1,"featured_media":11943,"comment_status":"open","ping_status":"open","sticky":false,"template":"","format":"standard","meta":{"inline_featured_image":false,"jnews-multi-image_gallery":[],"jnews_single_post":[],"jnews_primary_category":[],"jnews_social_meta":[],"jnews_override_counter":[],"jnews_post_split":[],"footnotes":""},"categories":[58],"tags":[82],"class_list":["post-11941","post","type-post","status-publish","format-standard","has-post-thumbnail","hentry","category-cabildo","tag-fuerteventura"],"jetpack_featured_media_url":"https:\/\/informacionlocal.es\/wp-content\/uploads\/2025\/10\/jornadas_page-0001.jpg","_links":{"self":[{"href":"https:\/\/informacionlocal.es\/en\/wp-json\/wp\/v2\/posts\/11941","targetHints":{"allow":["GET"]}}],"collection":[{"href":"https:\/\/informacionlocal.es\/en\/wp-json\/wp\/v2\/posts"}],"about":[{"href":"https:\/\/informacionlocal.es\/en\/wp-json\/wp\/v2\/types\/post"}],"author":[{"embeddable":true,"href":"https:\/\/informacionlocal.es\/en\/wp-json\/wp\/v2\/users\/1"}],"replies":[{"embeddable":true,"href":"https:\/\/informacionlocal.es\/en\/wp-json\/wp\/v2\/comments?post=11941"}],"version-history":[{"count":0,"href":"https:\/\/informacionlocal.es\/en\/wp-json\/wp\/v2\/posts\/11941\/revisions"}],"wp:featuredmedia":[{"embeddable":true,"href":"https:\/\/informacionlocal.es\/en\/wp-json\/wp\/v2\/media\/11943"}],"wp:attachment":[{"href":"https:\/\/informacionlocal.es\/en\/wp-json\/wp\/v2\/media?parent=11941"}],"wp:term":[{"taxonomy":"category","embeddable":true,"href":"https:\/\/informacionlocal.es\/en\/wp-json\/wp\/v2\/categories?post=11941"},{"taxonomy":"post_tag","embeddable":true,"href":"https:\/\/informacionlocal.es\/en\/wp-json\/wp\/v2\/tags?post=11941"}],"curies":[{"name":"wp","href":"https:\/\/api.w.org\/{rel}","templated":true}]}}