{"id":11875,"date":"2025-10-03T19:58:55","date_gmt":"2025-10-03T18:58:55","guid":{"rendered":"https:\/\/informacionlocal.es\/cabildo-y-ayuntamiento-aprueban-el-proyecto-de-vallado-perimetral-de-la-florida-por-seguridad-y-para-preservarlo-de-expolios-y-vandalismo\/"},"modified":"2025-10-03T19:58:55","modified_gmt":"2025-10-03T18:58:55","slug":"cabildo-y-ayuntamiento-aprueban-el-proyecto-de-vallado-perimetral-de-la-florida-por-seguridad-y-para-preservarlo-de-expolios-y-vandalismo","status":"publish","type":"post","link":"https:\/\/informacionlocal.es\/en\/cabildo-y-ayuntamiento-aprueban-el-proyecto-de-vallado-perimetral-de-la-florida-por-seguridad-y-para-preservarlo-de-expolios-y-vandalismo\/","title":{"rendered":"Cabildo y Ayuntamiento aprueban el proyecto de vallado perimetral de La Florida por seguridad y para preservarlo de expolios y vandalismo"},"content":{"rendered":"<div class=\"entry-content\"><strong>3 octubre, 2025<\/strong><\/p>\n<p><strong>Los trabajos, encargados al programa \u2018Fuerteventura, bonita por naturaleza\u2019, delimitar\u00e1n un \u00e1rea de 100.000 metros cuadrados con 1.500 metros lineales de postes y cuerda e incluir\u00e1n la instalaci\u00f3n de paneles informativos del valor del caser\u00edo<\/strong><\/p>\n<p><strong>El conjunto arquitect\u00f3nico ya fue objeto de la reconstrucci\u00f3n, siguiendo t\u00e9cnicas tradicionales, de los pozos y su tapiado con rejas para evitar ca\u00eddas<\/strong><\/p>\n<p>El Cabildo de Fuerteventura y el Ayuntamiento de Tuineje han aprobado hoy el proyecto de vallado perimetral del Patrimonio P\u00fablico Hist\u00f3rico de La Florida. Se trata de un encargo del Servicio de Obras y Maquinaria del Cabildo realizado al programa \u2018Fuerteventura, bonita por naturaleza\u2019 para proteger este conjunto arquitect\u00f3nico y prevenir accidentes entre los visitantes. Adem\u00e1s, se instalar\u00e1n paneles informativos.<\/p>\n<p>La presidenta del Cabildo de Fuerteventura pone en relieve la importancia de iniciar el proceso de recuperaci\u00f3n de uno de los elementos etnogr\u00e1ficos m\u00e1s emblem\u00e1ticos de la isla, el Caser\u00edo de La Florida. \u201cEsto supone el primer paso, para lo que ser\u00e1 la restauraci\u00f3n del Poblado. Paralelamente ya se est\u00e1 trabajando desde el \u00e1rea de Patrimonio y Museos en las acciones necesarias para rehabilitar este conjunto hist\u00f3rico de arquitectura rural que representa las costumbres e identidad majoreras\u201d.<\/p>\n<p>El consejero de Obras y Maquinaria, Blas Acosta, explica que \u201cLa Florida presenta problemas de deterioro en sus estructuras, adem\u00e1s de constatarse en varias ocasiones que ha sido objeto de expolios y vandalismo, por lo que el vallado perimetral es imperativo para preservar la futura intervenci\u00f3n integral en este Patrimonio P\u00fablico Hist\u00f3rico despu\u00e9s de haber solucionado los potenciales peligros de los pozos abiertos\u201d.<\/p>\n<p>El proyecto fue presentado por Gesti\u00f3n y Planeamiento Territorial y Medioambiental (Gesplan), medio propio del Cabildo, con la presencia, adem\u00e1s, del concejal de Patrimonio, Jonathan Pe\u00f1a, as\u00ed como el consejero de Patrimonio Cultural, Rayco Le\u00f3n, y la consejera de Seguridad, Lolina Negr\u00edn.<\/p>\n<p>Este proyecto, incluido en el programa \u2018Fuerteventura, bonita por naturaleza\u2019, tiene por objetivo delimitar un \u00e1rea de m\u00e1s de 100.000 metros cuadrados con 1.500 metros lineales de postes y cuerdas. Con esta soluci\u00f3n, a la que se suma la instalaci\u00f3n de paneles informativos donde se da cuenta de la importancia hist\u00f3rica de La Florida, se consigue proteger su patrimonio (ya que ha habido casos de expolio y vandalismo) y evitar que los visitantes puedan sufrir alg\u00fan accidente.<\/p>\n<p>Adem\u00e1s, con la soluci\u00f3n del vallado mediante postes de metro y medio y cuerdas se delimita el espacio no transitable sin obstaculizar el disfrute visual del conjunto arquitect\u00f3nico.<\/p>\n<p>Esta intervenci\u00f3n en La Florida contin\u00faa el trabajo realizado meses atr\u00e1s en los pozos abiertos que hab\u00eda en el entorno. Dichas simas eran sumamente peligrosas y se procedi\u00f3 a la demolici\u00f3n de los muros y su reconstrucci\u00f3n (siguiendo las t\u00e9cnicas originales) para su posterior su tapiado con verjas de seguridad. Dada la complejidad y los riesgos de derrumbe, estos trabajos contaron con el apoyo y supervisi\u00f3n directa de los profesionales del Servicio de Prevenci\u00f3n, Extinci\u00f3n de Incendios y Salvamento (SPEIS) del Cabildo.<\/p>\n<p><strong>Patrimonio P\u00fablico Hist\u00f3rico<\/strong><\/p>\n<p>El Caser\u00edo de La Florida es parte del Patrimonio P\u00fablico Hist\u00f3rico de la isla. Se trata de un conjunto de arquitectura rural y utilitaria que representa los usos y costumbres de los majoreros del interior hace unos 300 a\u00f1os.<\/p>\n<p>Compuesto por una agrupaci\u00f3n de viviendas tradicionales dispersas construidas con piedra, cal, arena y barro, algunas del siglo XVIII, y otros bienes etnogr\u00e1ficos asociados a la explotaci\u00f3n agr\u00edcola y ganadera, como dependencias para el ganado, aljibes, peque\u00f1as maretas y gavias, as\u00ed como restos de una tahona, este conjunto arquitect\u00f3nico tradicional majorero tiene un alto valor patrimonial para la isla.<\/p>\n<p>Como otras zonas del interior de la isla, este conjunto de casas tradicionales fue v\u00edctima de las incursiones de piratas ingleses, quienes saqueaban y devastaban a su paso campos y viviendas. Aunque el pueblo ten\u00eda medios escasos para defenderse, en ocasiones lograron importantes victorias como la batalla de Tamacite y de Llano Florido, en la que los bucaneros ingleses se vieron superados por los isle\u00f1os, quienes utilizaron a camellos en la lucha.<\/p>\n<p>El encargo \u2018Fuerteventura, bonita por naturaleza\u2019 realizado por el departamento que dirige Blas Acosta a Gesplan contempla actuaciones a largo de 15 meses, entre 2024 y 2025. Durante ambos ejercicios se invertir\u00e1n cuatro millones de euros de financiaci\u00f3n propia en cerca de un centenar de \u201cacciones de cercan\u00eda\u201d que inciden directamente en la conservaci\u00f3n del entorno natural, en la buena percepci\u00f3n de los visitantes y en la calidad de vida de los residentes.<\/p>\n<\/div>\n","protected":false},"excerpt":{"rendered":"<p>3 octubre, 2025 Los trabajos, encargados al programa \u2018Fuerteventura, bonita por naturaleza\u2019, delimitar\u00e1n un \u00e1rea de 100.000 metros cuadrados con 1.500 metros lineales de postes y cuerda e incluir\u00e1n la [&hellip;]<\/p>\n","protected":false},"author":1,"featured_media":11877,"comment_status":"open","ping_status":"open","sticky":false,"template":"","format":"standard","meta":{"inline_featured_image":false,"jnews-multi-image_gallery":[],"jnews_single_post":[],"jnews_primary_category":[],"jnews_social_meta":[],"jnews_override_counter":[],"jnews_post_split":[],"footnotes":""},"categories":[58],"tags":[82],"class_list":["post-11875","post","type-post","status-publish","format-standard","has-post-thumbnail","hentry","category-cabildo","tag-fuerteventura"],"jetpack_featured_media_url":"https:\/\/informacionlocal.es\/wp-content\/uploads\/2025\/10\/reunioc2b4n-florida2.jpeg","_links":{"self":[{"href":"https:\/\/informacionlocal.es\/en\/wp-json\/wp\/v2\/posts\/11875","targetHints":{"allow":["GET"]}}],"collection":[{"href":"https:\/\/informacionlocal.es\/en\/wp-json\/wp\/v2\/posts"}],"about":[{"href":"https:\/\/informacionlocal.es\/en\/wp-json\/wp\/v2\/types\/post"}],"author":[{"embeddable":true,"href":"https:\/\/informacionlocal.es\/en\/wp-json\/wp\/v2\/users\/1"}],"replies":[{"embeddable":true,"href":"https:\/\/informacionlocal.es\/en\/wp-json\/wp\/v2\/comments?post=11875"}],"version-history":[{"count":0,"href":"https:\/\/informacionlocal.es\/en\/wp-json\/wp\/v2\/posts\/11875\/revisions"}],"wp:featuredmedia":[{"embeddable":true,"href":"https:\/\/informacionlocal.es\/en\/wp-json\/wp\/v2\/media\/11877"}],"wp:attachment":[{"href":"https:\/\/informacionlocal.es\/en\/wp-json\/wp\/v2\/media?parent=11875"}],"wp:term":[{"taxonomy":"category","embeddable":true,"href":"https:\/\/informacionlocal.es\/en\/wp-json\/wp\/v2\/categories?post=11875"},{"taxonomy":"post_tag","embeddable":true,"href":"https:\/\/informacionlocal.es\/en\/wp-json\/wp\/v2\/tags?post=11875"}],"curies":[{"name":"wp","href":"https:\/\/api.w.org\/{rel}","templated":true}]}}