{"id":11821,"date":"2025-10-02T22:59:46","date_gmt":"2025-10-02T21:59:46","guid":{"rendered":"https:\/\/informacionlocal.es\/actuacion-del-grupo-das-pulpo-jazz-en-caleta-es-musica\/"},"modified":"2025-10-02T22:59:46","modified_gmt":"2025-10-02T21:59:46","slug":"actuacion-del-grupo-das-pulpo-jazz-en-caleta-es-musica","status":"publish","type":"post","link":"https:\/\/informacionlocal.es\/en\/actuacion-del-grupo-das-pulpo-jazz-en-caleta-es-musica\/","title":{"rendered":"Actuaci\u00f3n del grupo Das Pulpo Jazz en Caleta es M\u00fasica"},"content":{"rendered":"<div class=\"elementor-widget-container\">\n<p><strong>Actuaci\u00f3n del grupo Das Pulpo Jazz en Caleta es M\u00fasica<\/strong><\/p>\n<p><strong>\u2022 Cada s\u00e1bado, Caleta de Fuste acoge en sus paseos, calles o plazas una actuaci\u00f3n musical junto a zonas comerciales y establecimientos de restauraci\u00f3n. <\/strong><br \/><strong>\u2022 Este s\u00e1bado 4 de octubre de 17:00 a 20:00 horas frente al centro comercial Monte Castillo.<\/strong><\/p>\n<p>El Ayuntamiento de Antigua desde la concejal\u00eda de Comercio impulsa el programa de actuaciones, Caleta es M\u00fasica con actuaciones en vivo cada s\u00e1bado, de grupos de Fuerteventura en las calles, plazas y paseos de Caleta de Fuste.<\/p>\n<p>Una idea que respalda a grupos de m\u00fasica formados en la isla, afirma el alcalde, Mat\u00edas Pe\u00f1a, adem\u00e1s de ofrecer un entretenido espect\u00e1culo a los vecinos, vecinas y turistas que visitan la localidad de Caleta de Fuste.<\/p>\n<p>Cada s\u00e1bado un grupo diferente protagoniza Caleta es m\u00fasica, ofreciendo por tanto ritmos y estilos muy distintos en cada cita, se\u00f1ala el concejal de Comercio, Giuseppe Signorino, siempre en un lugar cercano a las zonas o \u00e1reas comerciales y de hosteler\u00eda, como atractivo entretenido que invita a quedarse a los viandantes en la calle, plaza o terrazas pr\u00f3ximas.<\/p>\n<p>Este s\u00e1bado 4 de octubre de 17:00 a 20:00 horas, Caleta es M\u00fasica propone una actuaci\u00f3n junto a la zona comercial de Monte Castillo, con el grupo joven y profesional Das Pulpo Jazz, que seguro sorprender\u00e1 y gustar\u00e1 al p\u00fablico que asista a la cita o se encuentre paseando por la zona, y concluye el concejal Signorino, recordar que cada s\u00e1bado hasta noviembre, incluido, sorprenderemos con una nueva actuaci\u00f3n en Caleta de Fuste.<\/p>\n<\/div>\n","protected":false},"excerpt":{"rendered":"<p><strong>Actuaci\u00f3n del grupo Das Pulpo Jazz en Caleta es M\u00fasica<\/strong><\/p>\n","protected":false},"author":1,"featured_media":11823,"comment_status":"open","ping_status":"open","sticky":false,"template":"","format":"standard","meta":{"inline_featured_image":false,"jnews-multi-image_gallery":[],"jnews_single_post":[],"jnews_primary_category":[],"jnews_social_meta":[],"jnews_override_counter":[],"jnews_post_split":[],"footnotes":""},"categories":[59],"tags":[82],"class_list":["post-11821","post","type-post","status-publish","format-standard","has-post-thumbnail","hentry","category-antigua","tag-fuerteventura"],"jetpack_featured_media_url":"https:\/\/informacionlocal.es\/wp-content\/uploads\/2025\/10\/img-20250930-wa0041.jpg","_links":{"self":[{"href":"https:\/\/informacionlocal.es\/en\/wp-json\/wp\/v2\/posts\/11821","targetHints":{"allow":["GET"]}}],"collection":[{"href":"https:\/\/informacionlocal.es\/en\/wp-json\/wp\/v2\/posts"}],"about":[{"href":"https:\/\/informacionlocal.es\/en\/wp-json\/wp\/v2\/types\/post"}],"author":[{"embeddable":true,"href":"https:\/\/informacionlocal.es\/en\/wp-json\/wp\/v2\/users\/1"}],"replies":[{"embeddable":true,"href":"https:\/\/informacionlocal.es\/en\/wp-json\/wp\/v2\/comments?post=11821"}],"version-history":[{"count":0,"href":"https:\/\/informacionlocal.es\/en\/wp-json\/wp\/v2\/posts\/11821\/revisions"}],"wp:featuredmedia":[{"embeddable":true,"href":"https:\/\/informacionlocal.es\/en\/wp-json\/wp\/v2\/media\/11823"}],"wp:attachment":[{"href":"https:\/\/informacionlocal.es\/en\/wp-json\/wp\/v2\/media?parent=11821"}],"wp:term":[{"taxonomy":"category","embeddable":true,"href":"https:\/\/informacionlocal.es\/en\/wp-json\/wp\/v2\/categories?post=11821"},{"taxonomy":"post_tag","embeddable":true,"href":"https:\/\/informacionlocal.es\/en\/wp-json\/wp\/v2\/tags?post=11821"}],"curies":[{"name":"wp","href":"https:\/\/api.w.org\/{rel}","templated":true}]}}