{"id":11815,"date":"2025-10-02T21:59:55","date_gmt":"2025-10-02T20:59:55","guid":{"rendered":"https:\/\/informacionlocal.es\/el-cabildo-asfalta-la-antigua-via-de-acceso-a-costa-calma-y-desbroza-los-margenes-de-maleza-y-restos-de-palmeras\/"},"modified":"2025-10-02T21:59:55","modified_gmt":"2025-10-02T20:59:55","slug":"el-cabildo-asfalta-la-antigua-via-de-acceso-a-costa-calma-y-desbroza-los-margenes-de-maleza-y-restos-de-palmeras","status":"publish","type":"post","link":"https:\/\/informacionlocal.es\/en\/el-cabildo-asfalta-la-antigua-via-de-acceso-a-costa-calma-y-desbroza-los-margenes-de-maleza-y-restos-de-palmeras\/","title":{"rendered":"El Cabildo asfalta la antigua v\u00eda de acceso a Costa Calma y desbroza los m\u00e1rgenes de maleza y restos de palmeras"},"content":{"rendered":"<div class=\"entry-content\"><strong>2 octubre, 2025<\/strong><\/p>\n<p><em><strong>Los trabajos en la FV-603 se prolongar\u00e1n durante dos semanas, con cortes intermitentes entre las 7:00 y las 17:00 horas<\/strong><\/em><\/p>\n<p><em><strong>Blas Acosta: \u201cNuestra hoja de ruta para el mantenimiento de la red de carreteras mejora la seguridad al volante y ofrece una imagen de destino tur\u00edstico con infraestructuras europeas\u201d<\/strong><\/em><\/p>\n<p>El Cabildo de Fuerteventura, desde el Servicio<br \/>\nde Carreteras, mantiene el pulso de su programaci\u00f3n anual para garantizar el<br \/>\nbuen estado de las v\u00edas, tanto del firme como de los elementos verticales y<br \/>\nhorizontales de seguridad vial, adem\u00e1s de despejar los arcenes de cualquier<br \/>\nelemento vegetal o de residuos que ocupe ese espacio. En estos momentos, los<br \/>\ntrabajos se centran en la antigua carretera de acceso a Costa Calma y conllevan<br \/>\ncortes intermitentes del tr\u00e1fico, durante dos semanas, entre las 7:00 y las<br \/>\n17:00 horas.<\/p>\n<p>La presidenta insular, Lola Garc\u00eda, destaca<br \/>\nunas labores que son necesarias para mantener en buen estado la red insular de<br \/>\ncarreteras en Fuerteventura.<\/p>\n<p>El consejero de Carreteras, Blas Acosta,<br \/>\nexplica que \u201cnuestra hoja de ruta para el mantenimiento de la red de carreteras<br \/>\nde Fuerteventura mejora la seguridad al volante y ofrece una imagen de destino<br \/>\ntur\u00edstico con infraestructuras europeas\u201d.<\/p>\n<p>Los trabajos de asfaltado se desarrollan en la<br \/>\nFV-603, entre los puntos kilom\u00e9tricos 0 y 3, y 6,8 y 7,1. Es decir, en ambos<br \/>\nextremos de la v\u00eda a su paso por Costa Calma.<\/p>\n<p>Es importante rese\u00f1ar que estos trabajos<br \/>\nprovocar\u00e1n, durante las dos pr\u00f3ximas semanas, cortes de tr\u00e1fico intermitentes y<br \/>\nrutas alternativas para los veh\u00edculos privados entre las 7:00 y las 17:00 horas.<br \/>\nEl transporte p\u00fablico regular seguir\u00e1 manteniendo sus mismas rutas y paradas.<\/p>\n<p>El proceso de asfaltado con capa de rodadura incluye<br \/>\nla aplicaci\u00f3n previa de otras capas de regularizaci\u00f3n de superficie debido al<br \/>\nestado del pavimento actual. Tambi\u00e9n se repondr\u00e1 la se\u00f1alizaci\u00f3n horizontal<br \/>\n(pintado de l\u00edneas y marcas viales) y se colocar\u00e1 nuevo balizamiento de<br \/>\ncaptafaros tipo \u2018ojos de gato\u2019.<\/p>\n<p>Adem\u00e1s del asfaltado de la FV\u2013603, los<br \/>\noperarios del Servicio de Carreteras realizan labores de limpieza de m\u00e1rgenes y<br \/>\ncunetas y proceden a la retirada de hojas de palmeras secas acumuladas en los laterales.<\/p>\n<\/div>\n","protected":false},"excerpt":{"rendered":"<p>2 octubre, 2025 Los trabajos en la FV-603 se prolongar\u00e1n durante dos semanas, con cortes intermitentes entre las 7:00 y las 17:00 horas Blas Acosta: \u201cNuestra hoja de ruta para [&hellip;]<\/p>\n","protected":false},"author":1,"featured_media":11817,"comment_status":"open","ping_status":"open","sticky":false,"template":"","format":"standard","meta":{"inline_featured_image":false,"jnews-multi-image_gallery":[],"jnews_single_post":[],"jnews_primary_category":[],"jnews_social_meta":[],"jnews_override_counter":[],"jnews_post_split":[],"footnotes":""},"categories":[58],"tags":[82],"class_list":["post-11815","post","type-post","status-publish","format-standard","has-post-thumbnail","hentry","category-cabildo","tag-fuerteventura"],"jetpack_featured_media_url":"https:\/\/informacionlocal.es\/wp-content\/uploads\/2025\/10\/carreteras.jpeg","_links":{"self":[{"href":"https:\/\/informacionlocal.es\/en\/wp-json\/wp\/v2\/posts\/11815","targetHints":{"allow":["GET"]}}],"collection":[{"href":"https:\/\/informacionlocal.es\/en\/wp-json\/wp\/v2\/posts"}],"about":[{"href":"https:\/\/informacionlocal.es\/en\/wp-json\/wp\/v2\/types\/post"}],"author":[{"embeddable":true,"href":"https:\/\/informacionlocal.es\/en\/wp-json\/wp\/v2\/users\/1"}],"replies":[{"embeddable":true,"href":"https:\/\/informacionlocal.es\/en\/wp-json\/wp\/v2\/comments?post=11815"}],"version-history":[{"count":0,"href":"https:\/\/informacionlocal.es\/en\/wp-json\/wp\/v2\/posts\/11815\/revisions"}],"wp:featuredmedia":[{"embeddable":true,"href":"https:\/\/informacionlocal.es\/en\/wp-json\/wp\/v2\/media\/11817"}],"wp:attachment":[{"href":"https:\/\/informacionlocal.es\/en\/wp-json\/wp\/v2\/media?parent=11815"}],"wp:term":[{"taxonomy":"category","embeddable":true,"href":"https:\/\/informacionlocal.es\/en\/wp-json\/wp\/v2\/categories?post=11815"},{"taxonomy":"post_tag","embeddable":true,"href":"https:\/\/informacionlocal.es\/en\/wp-json\/wp\/v2\/tags?post=11815"}],"curies":[{"name":"wp","href":"https:\/\/api.w.org\/{rel}","templated":true}]}}