{"id":11785,"date":"2025-10-02T18:58:23","date_gmt":"2025-10-02T17:58:23","guid":{"rendered":"https:\/\/informacionlocal.es\/puerto-del-rosario-se-suma-al-mes-rosa-fuerteventura-contra-el-cancer-con-un-mes-de-actividades-de-sensibilizacion-y-apoyo\/"},"modified":"2025-10-02T18:58:23","modified_gmt":"2025-10-02T17:58:23","slug":"puerto-del-rosario-se-suma-al-mes-rosa-fuerteventura-contra-el-cancer-con-un-mes-de-actividades-de-sensibilizacion-y-apoyo","status":"publish","type":"post","link":"https:\/\/informacionlocal.es\/en\/puerto-del-rosario-se-suma-al-mes-rosa-fuerteventura-contra-el-cancer-con-un-mes-de-actividades-de-sensibilizacion-y-apoyo\/","title":{"rendered":"Puerto del Rosario se suma al \u2018Mes Rosa Fuerteventura Contra el C\u00e1ncer\u2019 con un mes de actividades de sensibilizaci\u00f3n y apoyo"},"content":{"rendered":"<div class=\"entry-content\">\n<ul>\n<li><span><strong>El Hospital General de Fuerteventura acoger\u00e1 el 17 de octubre la jornada central \u201cDando Voz al C\u00e1ncer Metast\u00e1sico\u201d, enmarcada en un amplio programa que combina charlas, talleres y actividades de bienestar en distintos puntos de la isla.<\/strong><\/span><\/li>\n<\/ul>\n<p><span><strong>En Puerto del Rosario, a 2 de octubre de 2025.-<\/strong> Puerto del Rosario ser\u00e1 sede principal de las actividades del Mes Rosa Fuerteventura Contra el C\u00e1ncer, una iniciativa impulsada por la Asociaci\u00f3n Contra el C\u00e1ncer de Mama Metast\u00e1sico Fuerteventura (ACCMMF) y la Asociaci\u00f3n FuerteYoga, que durante todo octubre desarrollar\u00e1n un completo programa de acciones de sensibilizaci\u00f3n, acompa\u00f1amiento y cuidado integral de pacientes oncol\u00f3gicos y sus familias.<\/span><\/p>\n<p><span>El calendario incluye propuestas como yoga oncol\u00f3gico, talleres de arte y pintura, mindfulness, actividades de expresi\u00f3n en movimiento y mesas informativas en el Hospital General de Fuerteventura. El punto culminante ser\u00e1 la jornada y mesa-coloquio \u201cDando Voz al C\u00e1ncer Metast\u00e1sico\u201d, que tendr\u00e1 lugar el viernes 17 de octubre en el Hospital General de Fuerteventura, con ponencias de onc\u00f3logos, nutricionistas y psic\u00f3logos.<\/span><\/p>\n<p><img loading=\"lazy\" decoding=\"async\" loading=\"lazy\" class=\"size-large wp-image-157212 aligncenter\" src=\"https:\/\/informacionlocal.es\/wp-content\/uploads\/2025\/10\/mes-rosa-744x1024-1.jpeg\" width=\"744\" height=\"1024\" title=\"mes-rosa-744x1024-1\"><\/p>\n<p><span>El alcalde de Puerto del Rosario, David de Vera, manifest\u00f3 la importancia de visibilizar y acompa\u00f1ar a quienes conviven con la enfermedad. \u201cEste mes es un recordatorio de que la lucha contra el c\u00e1ncer no se libra en soledad. Puerto del Rosario quiere estar al lado de las pacientes y sus familias, creando espacios de encuentro, escucha y apoyo real. Nuestro compromiso es firme: una sociedad m\u00e1s consciente y solidaria es tambi\u00e9n una sociedad m\u00e1s fuerte\u201d.<\/span><\/p>\n<p><span>La concejala de Salud P\u00fablica, Rosa Rodr\u00edguez, destac\u00f3 el valor de la prevenci\u00f3n y el cuidado integral, motivo por el que \u201cel Mes Rosa nos invita a cuidar la salud desde el punto de vista f\u00edsico, emocional y social. Es fundamental insistir en la detecci\u00f3n precoz, pero tambi\u00e9n en promover h\u00e1bitos de vida saludables y en acompa\u00f1ar a quienes atraviesan el proceso oncol\u00f3gico. Queremos que cada persona sienta que no est\u00e1 sola en este camino\u201d.<\/span><\/p>\n<p><span>El Ayuntamiento de Puerto del Rosario anima a toda la ciudadan\u00eda a participar en las actividades del programa, que se desarrollar\u00e1n del 1 al 29 de octubre en distintos espacios del municipio y de la isla, incluyendo la masterclass abierta de yoga en la Playa de Los Pozos el 19 de octubre, coincidiendo con el D\u00eda Mundial de la Lucha contra el C\u00e1ncer de Mama.<\/span><\/p>\n<p><img loading=\"lazy\" decoding=\"async\" loading=\"lazy\" class=\"size-large wp-image-157213 aligncenter\" src=\"https:\/\/informacionlocal.es\/wp-content\/uploads\/2025\/10\/arte-por-equidad-9-1024x1024-1.png\" width=\"1024\" height=\"1024\" title=\"arte-por-equidad-9-1024x1024-1\"><img loading=\"lazy\" decoding=\"async\" loading=\"lazy\" class=\"size-large wp-image-157214 aligncenter\" src=\"https:\/\/informacionlocal.es\/wp-content\/uploads\/2025\/10\/arte-por-equidad-8-1024x1024-1.png\" width=\"1024\" height=\"1024\" title=\"arte-por-equidad-8-1024x1024-1\"><\/p>\n<p><span>Enlace para inscripciones https:\/\/forms.gle\/wGT6DXaaDjngAyi46<\/span><\/p>\n<p><span>M\u00e1s informaci\u00f3n:<br \/><\/span><span>https:\/\/cancerdemamaftv.com\/<br \/><\/span><span>cancerdemamaftv@gmail.com<br \/><\/span><span>https:\/\/www.facebook.com\/cancermetastasicoftv<\/span><\/p>\n<\/div>\n","protected":false},"excerpt":{"rendered":"<p>El Hospital General de Fuerteventura acoger\u00e1 el 17 de octubre la jornada central \u201cDando Voz al C\u00e1ncer Metast\u00e1sico\u201d, enmarcada en un amplio programa que combina charlas, talleres y actividades de [&hellip;]<\/p>\n","protected":false},"author":1,"featured_media":11787,"comment_status":"open","ping_status":"open","sticky":false,"template":"","format":"standard","meta":{"inline_featured_image":false,"jnews-multi-image_gallery":[],"jnews_single_post":[],"jnews_primary_category":[],"jnews_social_meta":[],"jnews_override_counter":[],"jnews_post_split":[],"footnotes":""},"categories":[61],"tags":[82],"class_list":["post-11785","post","type-post","status-publish","format-standard","has-post-thumbnail","hentry","category-puerto-del-rosario","tag-fuerteventura"],"jetpack_featured_media_url":"https:\/\/informacionlocal.es\/wp-content\/uploads\/2025\/10\/portada-mes-rosa.png","_links":{"self":[{"href":"https:\/\/informacionlocal.es\/en\/wp-json\/wp\/v2\/posts\/11785","targetHints":{"allow":["GET"]}}],"collection":[{"href":"https:\/\/informacionlocal.es\/en\/wp-json\/wp\/v2\/posts"}],"about":[{"href":"https:\/\/informacionlocal.es\/en\/wp-json\/wp\/v2\/types\/post"}],"author":[{"embeddable":true,"href":"https:\/\/informacionlocal.es\/en\/wp-json\/wp\/v2\/users\/1"}],"replies":[{"embeddable":true,"href":"https:\/\/informacionlocal.es\/en\/wp-json\/wp\/v2\/comments?post=11785"}],"version-history":[{"count":0,"href":"https:\/\/informacionlocal.es\/en\/wp-json\/wp\/v2\/posts\/11785\/revisions"}],"wp:featuredmedia":[{"embeddable":true,"href":"https:\/\/informacionlocal.es\/en\/wp-json\/wp\/v2\/media\/11787"}],"wp:attachment":[{"href":"https:\/\/informacionlocal.es\/en\/wp-json\/wp\/v2\/media?parent=11785"}],"wp:term":[{"taxonomy":"category","embeddable":true,"href":"https:\/\/informacionlocal.es\/en\/wp-json\/wp\/v2\/categories?post=11785"},{"taxonomy":"post_tag","embeddable":true,"href":"https:\/\/informacionlocal.es\/en\/wp-json\/wp\/v2\/tags?post=11785"}],"curies":[{"name":"wp","href":"https:\/\/api.w.org\/{rel}","templated":true}]}}