{"id":11779,"date":"2025-10-02T18:02:47","date_gmt":"2025-10-02T17:02:47","guid":{"rendered":"https:\/\/informacionlocal.es\/historias-eroticas-inician-candil-de-cuentos-en-antigua-este-viernes\/"},"modified":"2025-10-02T18:02:47","modified_gmt":"2025-10-02T17:02:47","slug":"historias-eroticas-inician-candil-de-cuentos-en-antigua-este-viernes","status":"publish","type":"post","link":"https:\/\/informacionlocal.es\/en\/historias-eroticas-inician-candil-de-cuentos-en-antigua-este-viernes\/","title":{"rendered":"Historias er\u00f3ticas inician Candil de Cuentos en Antigua este viernes"},"content":{"rendered":"<div class=\"elementor-widget-container\">\n<p><strong>Historias er\u00f3ticas inician Candil de Cuentos en Antigua este viernes<\/strong><\/p>\n<p><strong>\u2022 Cada viernes de octubre desde las 19:30 horas en el patio de El Port\u00f3n, los adultos podr\u00e1n compartir la magia de las palabras contadas por narradores de diferentes islas.<\/strong><\/p>\n<p><strong>\u2022 Este viernes 3 de octubre a las 19:30 horas en la Biblioteca Municipal de Antigua, las narraciones de Marianexy Yanes &amp; Levis Aliaga nos ofrecen el espect\u00e1culo musical y narrado \u2018Todo nos une. Cuentos er\u00f3ticos y algo m\u00e1s\u2019<\/strong><\/p>\n<p><strong>\u2022 Ante un aforo limitado se recomienda reservar plaza en el 928549663 o en el email biblioteca@ayto-antigua.es<\/strong><\/p>\n<p>La quinta edici\u00f3n de Candil de Cuentos comienza sus narraciones orales este viernes desde las 19:30 horas en el patio de la Biblioteca Municipal de Antigua, con el primer espect\u00e1culo que nos ofrece los narradores de Tenerife, Marianexy Yanes &amp; Levis Aliaga, \u2018Todo nos une. Cuentos er\u00f3ticos y algo m\u00e1s\u2019<\/p>\n<p>Candil de Cuentos es una de las mejores apuestas culturales que hemos organizado desde el Ayuntamiento de Antigua, afirma el alcalde, gracias a su calidad, el ambiente que ofrece y la coordinaci\u00f3n art\u00edstica de la conocida narradora, Gema Guti\u00e9rrez Escobar, invitando a narradores de diferentes islas, que cuentan en el mejor espacio historias de la vida, de ayer y de hoy, imaginadas o reales.<\/p>\n<p>El concejal de Cultura, Jonathan Pe\u00f1a, recuerda que es prudente, ante el l\u00edmite de aforo que ofrece el patio canario de El Port\u00f3n, reservar plaza, completamente gratuita, y simplemente llamando al 928549663 o enviando un email a biblioteca@ayto-antigua.es<\/p>\n<p>Candil de Cuentos, afirma Jonathan Pe\u00f1a pone en valor las Bibliotecas Municipales como espacios vivos, m\u00e1s all\u00e1 de salas de estudio o pr\u00e9stamo de libros, invitando a asistir a citas art\u00edsticas, lecturas teatralizadas, y concluye el concejal, lugares de encuentros culturales que fomenten la creatividad, la imaginaci\u00f3n, y cmo no, la lectura.<\/p>\n<\/div>\n","protected":false},"excerpt":{"rendered":"<p><strong>Historias er\u00f3ticas inician Candil de Cuentos en Antigua este viernes<\/strong><\/p>\n","protected":false},"author":1,"featured_media":11781,"comment_status":"open","ping_status":"open","sticky":false,"template":"","format":"standard","meta":{"inline_featured_image":false,"jnews-multi-image_gallery":[],"jnews_single_post":[],"jnews_primary_category":[],"jnews_social_meta":[],"jnews_override_counter":[],"jnews_post_split":[],"footnotes":""},"categories":[59],"tags":[],"class_list":["post-11779","post","type-post","status-publish","format-standard","has-post-thumbnail","hentry","category-antigua"],"jetpack_featured_media_url":"https:\/\/informacionlocal.es\/wp-content\/uploads\/2025\/10\/presentacion-en-antigua-del-v-candil-de-cuentos-3-scaled-1.jpg","_links":{"self":[{"href":"https:\/\/informacionlocal.es\/en\/wp-json\/wp\/v2\/posts\/11779","targetHints":{"allow":["GET"]}}],"collection":[{"href":"https:\/\/informacionlocal.es\/en\/wp-json\/wp\/v2\/posts"}],"about":[{"href":"https:\/\/informacionlocal.es\/en\/wp-json\/wp\/v2\/types\/post"}],"author":[{"embeddable":true,"href":"https:\/\/informacionlocal.es\/en\/wp-json\/wp\/v2\/users\/1"}],"replies":[{"embeddable":true,"href":"https:\/\/informacionlocal.es\/en\/wp-json\/wp\/v2\/comments?post=11779"}],"version-history":[{"count":0,"href":"https:\/\/informacionlocal.es\/en\/wp-json\/wp\/v2\/posts\/11779\/revisions"}],"wp:featuredmedia":[{"embeddable":true,"href":"https:\/\/informacionlocal.es\/en\/wp-json\/wp\/v2\/media\/11781"}],"wp:attachment":[{"href":"https:\/\/informacionlocal.es\/en\/wp-json\/wp\/v2\/media?parent=11779"}],"wp:term":[{"taxonomy":"category","embeddable":true,"href":"https:\/\/informacionlocal.es\/en\/wp-json\/wp\/v2\/categories?post=11779"},{"taxonomy":"post_tag","embeddable":true,"href":"https:\/\/informacionlocal.es\/en\/wp-json\/wp\/v2\/tags?post=11779"}],"curies":[{"name":"wp","href":"https:\/\/api.w.org\/{rel}","templated":true}]}}