{"id":11761,"date":"2025-10-02T02:04:33","date_gmt":"2025-10-02T01:04:33","guid":{"rendered":"https:\/\/informacionlocal.es\/puerto-del-rosario-hace-un-reconocimiento-a-sus-mayores-en-el-dia-internacional-de-las-personas-mayores\/"},"modified":"2025-10-02T02:04:33","modified_gmt":"2025-10-02T01:04:33","slug":"puerto-del-rosario-hace-un-reconocimiento-a-sus-mayores-en-el-dia-internacional-de-las-personas-mayores","status":"publish","type":"post","link":"https:\/\/informacionlocal.es\/en\/puerto-del-rosario-hace-un-reconocimiento-a-sus-mayores-en-el-dia-internacional-de-las-personas-mayores\/","title":{"rendered":"Puerto del Rosario hace un reconocimiento a sus mayores en el D\u00eda Internacional de las Personas Mayores"},"content":{"rendered":"<div class=\"entry-content\">\n<p><strong>El Ayuntamiento subraya su compromiso con el bienestar y la calidad de vida de este colectivo<\/strong><\/p>\n<p>El Ayuntamiento de Puerto del Rosario se suma a la conmemoraci\u00f3n del D\u00eda Internacional de las Personas Mayores, transmitiendo una felicitaci\u00f3n especial a todos los vecinos y vecinas del municipio que forman parte de este colectivo esencial para la sociedad.<\/p>\n<p>\u201cNuestros mayores son la memoria viva de Puerto del Rosario. Con su esfuerzo, su trabajo y sus valores han hecho posible el municipio que hoy disfrutamos. Cada historia, cada recuerdo y cada ense\u00f1anza que nos regalan enriquecen nuestra comunidad y nos recuerdan de d\u00f3nde venimos\u201d, manifest\u00f3 el alcalde capitalino, David de Vera.<\/p>\n<p>El Consistorio subraya adem\u00e1s su compromiso de seguir trabajando para que las personas mayores se sientan acompa\u00f1adas, atendidas y valoradas, reforzando servicios como la teleasistencia, la ayuda a domicilio y todas aquellas iniciativas que contribuyen a su bienestar y a una vida m\u00e1s activa.<\/p>\n<p>De Vera destaca que esta jornada es una oportunidad para reconocer y agradecer el papel de las personas mayores, \u201cporque son y seguir\u00e1n siendo un pilar fundamental de nuestro municipio\u201d.<\/p>\n<p>Con motivo de esta fecha, el Ayuntamiento anima a la ciudadan\u00eda a poner en valor el legado de quienes han construido la historia de Puerto del Rosario, recordando que su reconocimiento debe mantenerse no solo hoy, sino durante todo el a\u00f1o.<\/p>\n<\/div>\n","protected":false},"excerpt":{"rendered":"<p>El Ayuntamiento subraya su compromiso con el bienestar y la calidad de vida de este colectivo El Ayuntamiento de Puerto del Rosario se suma a la conmemoraci\u00f3n del D\u00eda Internacional [&hellip;]<\/p>\n","protected":false},"author":1,"featured_media":11763,"comment_status":"open","ping_status":"open","sticky":false,"template":"","format":"standard","meta":{"inline_featured_image":false,"jnews-multi-image_gallery":[],"jnews_single_post":[],"jnews_primary_category":[],"jnews_social_meta":[],"jnews_override_counter":[],"jnews_post_split":[],"footnotes":""},"categories":[61],"tags":[],"class_list":["post-11761","post","type-post","status-publish","format-standard","has-post-thumbnail","hentry","category-puerto-del-rosario"],"jetpack_featured_media_url":"https:\/\/informacionlocal.es\/wp-content\/uploads\/2025\/10\/mayores-1025-0-ppal-scaled-1.jpg","_links":{"self":[{"href":"https:\/\/informacionlocal.es\/en\/wp-json\/wp\/v2\/posts\/11761","targetHints":{"allow":["GET"]}}],"collection":[{"href":"https:\/\/informacionlocal.es\/en\/wp-json\/wp\/v2\/posts"}],"about":[{"href":"https:\/\/informacionlocal.es\/en\/wp-json\/wp\/v2\/types\/post"}],"author":[{"embeddable":true,"href":"https:\/\/informacionlocal.es\/en\/wp-json\/wp\/v2\/users\/1"}],"replies":[{"embeddable":true,"href":"https:\/\/informacionlocal.es\/en\/wp-json\/wp\/v2\/comments?post=11761"}],"version-history":[{"count":0,"href":"https:\/\/informacionlocal.es\/en\/wp-json\/wp\/v2\/posts\/11761\/revisions"}],"wp:featuredmedia":[{"embeddable":true,"href":"https:\/\/informacionlocal.es\/en\/wp-json\/wp\/v2\/media\/11763"}],"wp:attachment":[{"href":"https:\/\/informacionlocal.es\/en\/wp-json\/wp\/v2\/media?parent=11761"}],"wp:term":[{"taxonomy":"category","embeddable":true,"href":"https:\/\/informacionlocal.es\/en\/wp-json\/wp\/v2\/categories?post=11761"},{"taxonomy":"post_tag","embeddable":true,"href":"https:\/\/informacionlocal.es\/en\/wp-json\/wp\/v2\/tags?post=11761"}],"curies":[{"name":"wp","href":"https:\/\/api.w.org\/{rel}","templated":true}]}}