{"id":11645,"date":"2025-09-30T20:58:50","date_gmt":"2025-09-30T19:58:50","guid":{"rendered":"https:\/\/informacionlocal.es\/el-ayuntamiento-de-pajara-y-princess-hotels-canarias-firman-el-primer-convenio-de-la-isla-para-el-apoyo-y-la-insercion-laboral-de-victimas-de-violenci\/"},"modified":"2025-09-30T20:58:50","modified_gmt":"2025-09-30T19:58:50","slug":"el-ayuntamiento-de-pajara-y-princess-hotels-canarias-firman-el-primer-convenio-de-la-isla-para-el-apoyo-y-la-insercion-laboral-de-victimas-de-violenci","status":"publish","type":"post","link":"https:\/\/informacionlocal.es\/en\/el-ayuntamiento-de-pajara-y-princess-hotels-canarias-firman-el-primer-convenio-de-la-isla-para-el-apoyo-y-la-insercion-laboral-de-victimas-de-violenci\/","title":{"rendered":"El Ayuntamiento de P\u00e1jara y Princess Hotels Canarias firman el primer convenio de la isla para el apoyo y la inserci\u00f3n laboral de v\u00edctimas de violenci&#8230;"},"content":{"rendered":"<div class=\"entry-content\">\n<p><b><i>El acuerdo establece medidas de acompa\u00f1amiento, formaci\u00f3n y sensibilizaci\u00f3n para garantizar la integraci\u00f3n en el trabajo<\/i><\/b><\/p>\n<p><span>La Concejal\u00eda de Servicios Sociales del Ayuntamiento de P\u00e1jara, a trav\u00e9s del Programa de Mujer, y la cadena hotelera Princess Hotels Canarias han formalizado este lunes la firma del primer convenio de Fuerteventura destinado a favorecer la inserci\u00f3n laboral de mujeres v\u00edctimas de violencia de g\u00e9nero.\u00a0<\/span><\/p>\n<p><span>El acto, celebrado en el Ayuntamiento, cont\u00f3 con la presencia del alcalde de P\u00e1jara, Alejandro Jorge; la concejala de Servicios Sociales, Kathaisa Rodr\u00edguez; el director del Jand\u00eda y Fuerteventura Princess, Roberto Gonz\u00e1lez; la directora de recursos humanos del Jand\u00eda y Fuerteventura Princess, Lorena rodr\u00edguez, y la responsable de formaci\u00f3n y desarrollo del Jand\u00eda y Fuerteventura Princess, Mar\u00eda Padilla.\u00a0<\/span><\/p>\n<p><span>El acuerdo establece la contrataci\u00f3n inicial de cuatro mujeres del municipio por parte de la cadena hotelera, garantizando la confidencialidad y el acompa\u00f1amiento en su proceso de integraci\u00f3n laboral. Asimismo, el Ayuntamiento se compromete a colaborar en la formaci\u00f3n en igualdad y diversidad de la plantilla de la empresa, la puesta en marcha de un espacio dentro del hotel para el asesoramiento e informaci\u00f3n, as\u00ed como diversas acciones de sensibilizaci\u00f3n social.\u00a0<\/span><\/p>\n<p><span>La concejala del \u00e1rea, Kathaisa Rodr\u00edguez, destaca que \u201ceste convenio es una muestra de que cuando las administraciones y el sector privado trabajamos juntos, podemos generar oportunidades reales para la sociedad. Nuestro objetivo es ofrecer a estas mujeres un camino de autonom\u00eda y seguridad\u201d.\u00a0<\/span><\/p>\n<p><span>Por su parte, el alcalde de P\u00e1jara, Alejandro Jorge, agradeci\u00f3 la implicaci\u00f3n de la cadena Princess Hotel, ya que \u201cesta estrecha colaboraci\u00f3n con el Ayuntamiento y con las asociaciones que luchan contra la violencia de g\u00e9nero es imprescindible, porque nos permite optimizar recursos y alcanzar objetivos\u201d.\u00a0<\/span><\/p>\n<p><span>El convenio, que tendr\u00e1 una vigencia de un a\u00f1o prorrogable, prev\u00e9 la creaci\u00f3n de una comisi\u00f3n mixta de seguimiento que garantizar\u00e1 el cumplimiento de los objetivos y permitir\u00e1 evaluar los avances conseguidos. <\/span><\/p>\n<\/div>\n","protected":false},"excerpt":{"rendered":"<p><i>El acuerdo establece medidas de acompa\u00f1amiento, formaci\u00f3n y sensibilizaci\u00f3n para garantizar la integraci\u00f3n en el trabajo<\/i><\/p>\n","protected":false},"author":1,"featured_media":11647,"comment_status":"open","ping_status":"open","sticky":false,"template":"","format":"standard","meta":{"inline_featured_image":false,"jnews-multi-image_gallery":[],"jnews_single_post":[],"jnews_primary_category":[],"jnews_social_meta":[],"jnews_override_counter":[],"jnews_post_split":[],"footnotes":""},"categories":[63],"tags":[82,72],"class_list":["post-11645","post","type-post","status-publish","format-standard","has-post-thumbnail","hentry","category-pajara","tag-fuerteventura","tag-integracion"],"jetpack_featured_media_url":"https:\/\/informacionlocal.es\/wp-content\/uploads\/2025\/09\/06569607-0562-4a02-b83c-f84a80c87700-e1759241566641.jpg","_links":{"self":[{"href":"https:\/\/informacionlocal.es\/en\/wp-json\/wp\/v2\/posts\/11645","targetHints":{"allow":["GET"]}}],"collection":[{"href":"https:\/\/informacionlocal.es\/en\/wp-json\/wp\/v2\/posts"}],"about":[{"href":"https:\/\/informacionlocal.es\/en\/wp-json\/wp\/v2\/types\/post"}],"author":[{"embeddable":true,"href":"https:\/\/informacionlocal.es\/en\/wp-json\/wp\/v2\/users\/1"}],"replies":[{"embeddable":true,"href":"https:\/\/informacionlocal.es\/en\/wp-json\/wp\/v2\/comments?post=11645"}],"version-history":[{"count":0,"href":"https:\/\/informacionlocal.es\/en\/wp-json\/wp\/v2\/posts\/11645\/revisions"}],"wp:featuredmedia":[{"embeddable":true,"href":"https:\/\/informacionlocal.es\/en\/wp-json\/wp\/v2\/media\/11647"}],"wp:attachment":[{"href":"https:\/\/informacionlocal.es\/en\/wp-json\/wp\/v2\/media?parent=11645"}],"wp:term":[{"taxonomy":"category","embeddable":true,"href":"https:\/\/informacionlocal.es\/en\/wp-json\/wp\/v2\/categories?post=11645"},{"taxonomy":"post_tag","embeddable":true,"href":"https:\/\/informacionlocal.es\/en\/wp-json\/wp\/v2\/tags?post=11645"}],"curies":[{"name":"wp","href":"https:\/\/api.w.org\/{rel}","templated":true}]}}