{"id":11639,"date":"2025-09-30T18:58:24","date_gmt":"2025-09-30T17:58:24","guid":{"rendered":"https:\/\/informacionlocal.es\/fuerteventura-acoge-unas-jornadas-para-la-transformacion-digital-del-archipielago\/"},"modified":"2025-09-30T18:58:24","modified_gmt":"2025-09-30T17:58:24","slug":"fuerteventura-acoge-unas-jornadas-para-la-transformacion-digital-del-archipielago","status":"publish","type":"post","link":"https:\/\/informacionlocal.es\/en\/fuerteventura-acoge-unas-jornadas-para-la-transformacion-digital-del-archipielago\/","title":{"rendered":"Fuerteventura acoge unas jornadas para la transformaci\u00f3n digital del Archipi\u00e9lago"},"content":{"rendered":"<div class=\"entry-content\"><strong>30 septiembre, 2025<\/strong><\/p>\n<p><strong><em>El Parque Tecnol\u00f3gico reunir\u00e1 a expertos y entidades para impulsar<br \/>\nla innovaci\u00f3n y la ciberseguridad<\/em><\/strong><\/p>\n<p>El foro \u2018Canary Tech Connect: Hacia la Transformaci\u00f3n Digital de<br \/>\nlas Islas Canarias\u2019 llega a Fuerteventura para reunir a instituciones p\u00fablicas,<br \/>\nempresas tecnol\u00f3gicas y profesionales del cambio en un espacio com\u00fan donde<br \/>\npensar sobre el futuro digital del Archipi\u00e9lago. Se trata de la novena edici\u00f3n<br \/>\nde este evento, que ya ha pasado con \u00e9xito por Lanzarote y La Palma.<\/p>\n<p>El foro se celebrar\u00e1 el pr\u00f3ximo 9 de octubre, de 9.30 a 13.30<br \/>\nhoras, en el Parque Tecnol\u00f3gico de Fuerteventura. El programa de esta edici\u00f3n contar\u00e1<br \/>\ncon expertos en inteligencia artificial, ciberseguridad, administraci\u00f3n digital<br \/>\ny casos de \u00e9xito en sectores clave, que compartir\u00e1n experiencias y estrategias<br \/>\npara avanzar hacia una Canarias m\u00e1s conectada, segura e innovadora.<\/p>\n<p>Toda la informaci\u00f3n y las inscripciones est\u00e1n disponibles en: https:\/\/content.atlantistecnologia.com\/es\/es\/transformacion-digital-canarias<\/p>\n<p>Seg\u00fan la empresa promotora, Atlantis Technology, se celebra en Fuerteventura porque \u201ces una isla con identidad \u00fanica, con desaf\u00edos y oportunidades que representan el presente y futuro del territorio insular. Un lugar estrat\u00e9gico para repensar c\u00f3mo la tecnolog\u00eda puede estar al servicio del desarrollo sostenible, la econom\u00eda local y el bienestar de las personas\u201d.<\/p>\n<p>La jornada cuenta con la colaboraci\u00f3n de la Consejer\u00eda de Nuevas Tecnolog\u00edas del Cabildo, que dirige Carmen Alonso, y el Parque Tecnol\u00f3gico, dependiente de la Consejer\u00eda de Innovaci\u00f3n, que coordina Rayco Le\u00f3n, y busca consolidarse como el punto de encuentro imprescindible para quienes creen que la digitalizaci\u00f3n es la herramienta para construir el futuro de las islas. Estar\u00e1n presentes, adem\u00e1s, el director de la ACIISI, Javier Franco, y el gerente del Parque Tecnol\u00f3gico, Eduardo Pereira. \u2018Canary Tech Connect\u2019 contar\u00e1 la intervenci\u00f3n de expertos y representantes institucionales en transformaci\u00f3n digital en Canarias con intervenciones de la consejera Carmen Alonso, el Alliance Manager de Liferay, Miguel \u00c1ngel Echeverr\u00eda,\u00a0 el subdirector de Atlantis Technology, I\u00f1aki Echeverr\u00eda, el director general de MNX Online, Mannix Manglani, el director de TI de R2 Hotels, Rafael Rodr\u00edguez, el director de operaciones de Onecyber, Alejandro Gonz\u00e1lez, y el director comercial de <\/p>\n<\/div>\n","protected":false},"excerpt":{"rendered":"<p>30 septiembre, 2025 El Parque Tecnol\u00f3gico reunir\u00e1 a expertos y entidades para impulsar la innovaci\u00f3n y la ciberseguridad El foro \u2018Canary Tech Connect: Hacia la Transformaci\u00f3n Digital de las Islas [&hellip;]<\/p>\n","protected":false},"author":1,"featured_media":11641,"comment_status":"open","ping_status":"open","sticky":false,"template":"","format":"standard","meta":{"inline_featured_image":false,"jnews-multi-image_gallery":[],"jnews_single_post":[],"jnews_primary_category":[],"jnews_social_meta":[],"jnews_override_counter":[],"jnews_post_split":[],"footnotes":""},"categories":[58],"tags":[403,82,180,401,402],"class_list":["post-11639","post","type-post","status-publish","format-standard","has-post-thumbnail","hentry","category-cabildo","tag-economia-local","tag-fuerteventura","tag-innovacion","tag-tecnologia","tag-transformacion-digital"],"jetpack_featured_media_url":"https:\/\/informacionlocal.es\/wp-content\/uploads\/2025\/09\/canary-tech.jpeg","_links":{"self":[{"href":"https:\/\/informacionlocal.es\/en\/wp-json\/wp\/v2\/posts\/11639","targetHints":{"allow":["GET"]}}],"collection":[{"href":"https:\/\/informacionlocal.es\/en\/wp-json\/wp\/v2\/posts"}],"about":[{"href":"https:\/\/informacionlocal.es\/en\/wp-json\/wp\/v2\/types\/post"}],"author":[{"embeddable":true,"href":"https:\/\/informacionlocal.es\/en\/wp-json\/wp\/v2\/users\/1"}],"replies":[{"embeddable":true,"href":"https:\/\/informacionlocal.es\/en\/wp-json\/wp\/v2\/comments?post=11639"}],"version-history":[{"count":0,"href":"https:\/\/informacionlocal.es\/en\/wp-json\/wp\/v2\/posts\/11639\/revisions"}],"wp:featuredmedia":[{"embeddable":true,"href":"https:\/\/informacionlocal.es\/en\/wp-json\/wp\/v2\/media\/11641"}],"wp:attachment":[{"href":"https:\/\/informacionlocal.es\/en\/wp-json\/wp\/v2\/media?parent=11639"}],"wp:term":[{"taxonomy":"category","embeddable":true,"href":"https:\/\/informacionlocal.es\/en\/wp-json\/wp\/v2\/categories?post=11639"},{"taxonomy":"post_tag","embeddable":true,"href":"https:\/\/informacionlocal.es\/en\/wp-json\/wp\/v2\/tags?post=11639"}],"curies":[{"name":"wp","href":"https:\/\/api.w.org\/{rel}","templated":true}]}}