{"id":11619,"date":"2025-09-30T16:58:41","date_gmt":"2025-09-30T15:58:41","guid":{"rendered":"https:\/\/informacionlocal.es\/un-centenar-de-inscritos-en-la-nueva-temporada-de-la-escuela-municipal-de-musica-de-antigua\/"},"modified":"2025-09-30T16:58:41","modified_gmt":"2025-09-30T15:58:41","slug":"un-centenar-de-inscritos-en-la-nueva-temporada-de-la-escuela-municipal-de-musica-de-antigua","status":"publish","type":"post","link":"https:\/\/informacionlocal.es\/en\/un-centenar-de-inscritos-en-la-nueva-temporada-de-la-escuela-municipal-de-musica-de-antigua\/","title":{"rendered":"Un centenar de inscritos en la nueva temporada de la Escuela Municipal de M\u00fasica de Antigua"},"content":{"rendered":"<div class=\"elementor-widget-container\">\n<p><strong>Un centenar de inscritos en la nueva temporada de la Escuela Municipal de M\u00fasica de Antigua<\/strong><\/p>\n<p><strong>\u2022 Nuevo \u00e9xito de inscripci\u00f3n en la tercera temporada de la Escuela de Municipal de M\u00fasica organizada por el Ayuntamiento de Antigua en su nueva temporada. <\/strong><br \/><strong>\u2022 Alcalde y concejal dieron la bienvenida a los inscritos que comienzan sus clases instrumentales y de lenguaje musical a partir del 1 de octubre.<\/strong><\/p>\n<p>El Ayuntamiento de Antigua organiza y financia desde la concejal\u00eda de Cultura la Escuela Municipal de M\u00fasica, EMMA, dirigida por el maestro Domingo Saavedra y un equipo de profesores de m\u00fasica de diferentes modalidades instrumentales, adem\u00e1s del lenguaje musical.<\/p>\n<p>En esta nueva temporada y ante la alta demanda y lista de espera de solicitantes, la asistencia ser\u00e1 un criterio b\u00e1sico y permanente a tener en cuenta durante todo el curso, se\u00f1alaba en la bienvenida el concejal de Cultura, Jonathan Pe\u00f1a, que felicitaba al centenar de admitidos.<\/p>\n<p>El alcalde, Mat\u00edas Pe\u00f1a Garc\u00eda, felicitaba el trabajo desarrollado por la direcci\u00f3n de la Escuela Municipal de M\u00fasica de Antigua, porque su calidad y compromiso con los alumnos y alumnas, infantiles o adultos, es el secreto para que todo el mundo quiera repetir.<\/p>\n<p>Tuvimos claro que Antigua necesitaba una Escuela Municipal de M\u00fasica y ya vamos para la tercera temporada con un \u00e9xito de inscripci\u00f3n que nos obliga a ser a\u00fan m\u00e1s ambiciosos en el futuro y valorar como desarrollarla, a\u00f1ad\u00eda el alcalde, que animaba a los estudiantes a seguir su propio camino creando grupos de m\u00fasica, siendo vocalistas de los mismos, o incluso el d\u00eda de ma\u00f1ana crear una peque\u00f1a orquesta o una nueva banda municipal.<\/p>\n<p>El alcalde recordaba que la Escuela de M\u00fasica EMMA es como todas las actividades impartidas por el Ayuntamiento de Antigua, de inscripci\u00f3n gratuita, un criterio que mantendremos para facilitar la participaci\u00f3n de todos los vecinos y vecinas del Municipio, y cuyo \u00fanico pago ser\u00e1 el de asistir y disfrutar de las clases.<\/p>\n<p>\u00a0<\/p>\n<\/div>\n","protected":false},"excerpt":{"rendered":"<p><strong>Un centenar de inscritos en la nueva temporada de la Escuela Municipal de M\u00fasica de Antigua<\/strong><\/p>\n","protected":false},"author":1,"featured_media":11621,"comment_status":"open","ping_status":"open","sticky":false,"template":"","format":"standard","meta":{"inline_featured_image":false,"jnews-multi-image_gallery":[],"jnews_single_post":[],"jnews_primary_category":[],"jnews_social_meta":[],"jnews_override_counter":[],"jnews_post_split":[],"footnotes":""},"categories":[59],"tags":[],"class_list":["post-11619","post","type-post","status-publish","format-standard","has-post-thumbnail","hentry","category-antigua"],"jetpack_featured_media_url":"https:\/\/informacionlocal.es\/wp-content\/uploads\/2025\/09\/un-centenar-de-inscritos-en-la-nueva-temporada-de-la-escuela-municipal-de-musica-de-antigua-2-scaled-1.jpg","_links":{"self":[{"href":"https:\/\/informacionlocal.es\/en\/wp-json\/wp\/v2\/posts\/11619","targetHints":{"allow":["GET"]}}],"collection":[{"href":"https:\/\/informacionlocal.es\/en\/wp-json\/wp\/v2\/posts"}],"about":[{"href":"https:\/\/informacionlocal.es\/en\/wp-json\/wp\/v2\/types\/post"}],"author":[{"embeddable":true,"href":"https:\/\/informacionlocal.es\/en\/wp-json\/wp\/v2\/users\/1"}],"replies":[{"embeddable":true,"href":"https:\/\/informacionlocal.es\/en\/wp-json\/wp\/v2\/comments?post=11619"}],"version-history":[{"count":0,"href":"https:\/\/informacionlocal.es\/en\/wp-json\/wp\/v2\/posts\/11619\/revisions"}],"wp:featuredmedia":[{"embeddable":true,"href":"https:\/\/informacionlocal.es\/en\/wp-json\/wp\/v2\/media\/11621"}],"wp:attachment":[{"href":"https:\/\/informacionlocal.es\/en\/wp-json\/wp\/v2\/media?parent=11619"}],"wp:term":[{"taxonomy":"category","embeddable":true,"href":"https:\/\/informacionlocal.es\/en\/wp-json\/wp\/v2\/categories?post=11619"},{"taxonomy":"post_tag","embeddable":true,"href":"https:\/\/informacionlocal.es\/en\/wp-json\/wp\/v2\/tags?post=11619"}],"curies":[{"name":"wp","href":"https:\/\/api.w.org\/{rel}","templated":true}]}}