{"id":11613,"date":"2025-09-30T15:58:20","date_gmt":"2025-09-30T14:58:20","guid":{"rendered":"https:\/\/informacionlocal.es\/el-campo-de-lucha-de-tarajalejo-comienza-a-lucir-su-nueva-imagen\/"},"modified":"2025-09-30T15:58:20","modified_gmt":"2025-09-30T14:58:20","slug":"el-campo-de-lucha-de-tarajalejo-comienza-a-lucir-su-nueva-imagen","status":"publish","type":"post","link":"https:\/\/informacionlocal.es\/en\/el-campo-de-lucha-de-tarajalejo-comienza-a-lucir-su-nueva-imagen\/","title":{"rendered":"El campo de lucha de Tarajalejo comienza a lucir su nueva imagen"},"content":{"rendered":"<div class=\"entry-content\"><strong>30 septiembre, 2025<\/strong><\/p>\n<p><strong>El programa \u2018Fuerteventura, bonita por naturaleza\u2019<br \/>\ndel Cabildo, en coordinaci\u00f3n con el Ayuntamiento de Tuineje, entra en la fase<br \/>\nfinal del adecentamiento y limpieza del terrero<\/strong><\/p>\n<p>Los trabajos de adecentamiento del campo de lucha<br \/>\nde Tarajalejo entran en su fase final. El programa \u2018Fuerteventura, bonita por<br \/>\nnaturaleza\u2019 del Cabildo de Fuerteventura ha coordinado las mejoras con el<br \/>\nAyuntamiento de Tuineje, que se dejan ver ya en el inmueble.<\/p>\n<p>La presidenta del Cabildo, Lola Garc\u00eda, destaca las<br \/>\nacciones que se ponen en marcha desde el programa \u2018Fuerteventura, bonita por<br \/>\nnaturaleza\u2019, que no s\u00f3lo se llevan a entornos naturales, sino a<br \/>\ninfraestructuras que requieren mejoras en todo el territorio insular, en<br \/>\ncoordinaci\u00f3n con las corporaciones municipales. En este caso, con una<br \/>\ninstalaci\u00f3n dirigida a un deporte aut\u00f3ctono, uno de los principales exponentes<br \/>\nde nuestra identidad como pueblo majorero, mejorando las instalaciones tanto<br \/>\npara los clubs como para los aficionados y aficionadas a la lucha canaria.<\/p>\n<p>El consejero de Obras y Maquinaria, Blas Acosta,<br \/>\nexplica que los terreros son espacios \u201cde convivencia social, pr\u00e1ctica de la<br \/>\nlucha y vinculaci\u00f3n identitaria, por lo que esta actuaci\u00f3n de mantenimiento y<br \/>\nembellecimiento del campo de lucha de Tarajalejo es una apuesta de mayor<br \/>\ntrascendencia que la deportiva\u201d.<\/p>\n<p>El proyecto, que se encuentra en los \u00faltimos d\u00edas<br \/>\nde ejecuci\u00f3n, incluye la aplicaci\u00f3n de pintura en las superficies interiores y<br \/>\nexteriores del recinto, con el fin de protegerlas de agentes clim\u00e1ticos y para mejorar<br \/>\nsu est\u00e9tica general, y la realizaci\u00f3n de la limpieza profunda en todas las<br \/>\n\u00e1reas del campo de lucha, incluyendo zonas de acceso, interiores y cualquier<br \/>\notro espacio com\u00fan.<\/p>\n<p>De hecho, ya est\u00e1 terminada la pintura de todas las<br \/>\nsuperficies exteriores del campo de lucha, incluyendo las ventanas de<br \/>\ncarpinter\u00eda met\u00e1lica. En el interior tambi\u00e9n se ha procedido a pintar diversas<br \/>\nsuperficies.<\/p>\n<p>Para ello, se prepararon las superficies con una<br \/>\nlimpieza a fondo para eliminar cualquier residuo de polvo, grasa o moho que<br \/>\npudiera dificultar la adherencia de la pintura. En las \u00e1reas donde se detectaron<br \/>\ngrietas, desconchados u otras imperfecciones, se procedi\u00f3 a su reparaci\u00f3n<br \/>\nmediante la aplicaci\u00f3n de mortero, dependiendo del material base, y<br \/>\nposteriormente se lijaron las zonas intervenidas para garantizar un acabado uniforme.\n<\/p>\n<p>Se aplic\u00f3 imprimaci\u00f3n espec\u00edfica para mejorar la<br \/>\nadhesi\u00f3n de las capas de pintura y proporcionar mayor durabilidad al<br \/>\nrecubrimiento. La pintura seleccionada para las superficies exteriores es resistente<br \/>\na condiciones clim\u00e1ticas adversas, mientras que en las \u00e1reas interiores se<br \/>\nemplearon productos resistentes al desgaste y f\u00e1ciles de limpiar. <\/p>\n<p>El encargo<br \/>\n\u2018Fuerteventura, bonita por naturaleza\u2019 realizado por el departamento que dirige<br \/>\nBlas Acosta a Gesplan contempla actuaciones a largo de 15 meses, entre 2024 y<br \/>\n2025. Durante ambos ejercicios se invertir\u00e1n cuatro millones de euros de<br \/>\nfinanciaci\u00f3n propia en cerca de un centenar de \u201cacciones de cercan\u00eda\u201d que<br \/>\ninciden directamente en la conservaci\u00f3n del entorno natural, en la buena<br \/>\npercepci\u00f3n de los visitantes y en la calidad de vida de los residentes.<\/p>\n<\/div>\n","protected":false},"excerpt":{"rendered":"<p>30 septiembre, 2025 El programa \u2018Fuerteventura, bonita por naturaleza\u2019 del Cabildo, en coordinaci\u00f3n con el Ayuntamiento de Tuineje, entra en la fase final del adecentamiento y limpieza del terrero Los [&hellip;]<\/p>\n","protected":false},"author":1,"featured_media":11615,"comment_status":"open","ping_status":"open","sticky":false,"template":"","format":"standard","meta":{"inline_featured_image":false,"jnews-multi-image_gallery":[],"jnews_single_post":[],"jnews_primary_category":[],"jnews_social_meta":[],"jnews_override_counter":[],"jnews_post_split":[],"footnotes":""},"categories":[58],"tags":[82],"class_list":["post-11613","post","type-post","status-publish","format-standard","has-post-thumbnail","hentry","category-cabildo","tag-fuerteventura"],"jetpack_featured_media_url":"https:\/\/informacionlocal.es\/wp-content\/uploads\/2025\/09\/campo-lucha-tarajalejo.jpeg","_links":{"self":[{"href":"https:\/\/informacionlocal.es\/en\/wp-json\/wp\/v2\/posts\/11613","targetHints":{"allow":["GET"]}}],"collection":[{"href":"https:\/\/informacionlocal.es\/en\/wp-json\/wp\/v2\/posts"}],"about":[{"href":"https:\/\/informacionlocal.es\/en\/wp-json\/wp\/v2\/types\/post"}],"author":[{"embeddable":true,"href":"https:\/\/informacionlocal.es\/en\/wp-json\/wp\/v2\/users\/1"}],"replies":[{"embeddable":true,"href":"https:\/\/informacionlocal.es\/en\/wp-json\/wp\/v2\/comments?post=11613"}],"version-history":[{"count":0,"href":"https:\/\/informacionlocal.es\/en\/wp-json\/wp\/v2\/posts\/11613\/revisions"}],"wp:featuredmedia":[{"embeddable":true,"href":"https:\/\/informacionlocal.es\/en\/wp-json\/wp\/v2\/media\/11615"}],"wp:attachment":[{"href":"https:\/\/informacionlocal.es\/en\/wp-json\/wp\/v2\/media?parent=11613"}],"wp:term":[{"taxonomy":"category","embeddable":true,"href":"https:\/\/informacionlocal.es\/en\/wp-json\/wp\/v2\/categories?post=11613"},{"taxonomy":"post_tag","embeddable":true,"href":"https:\/\/informacionlocal.es\/en\/wp-json\/wp\/v2\/tags?post=11613"}],"curies":[{"name":"wp","href":"https:\/\/api.w.org\/{rel}","templated":true}]}}