{"id":11601,"date":"2025-09-30T08:58:38","date_gmt":"2025-09-30T07:58:38","guid":{"rendered":"https:\/\/informacionlocal.es\/el-cabildo-de-fuerteventura-promueve-los-talleres-artesanales-in-situ-para-formacion-especializada\/"},"modified":"2025-09-30T08:58:38","modified_gmt":"2025-09-30T07:58:38","slug":"el-cabildo-de-fuerteventura-promueve-los-talleres-artesanales-in-situ-para-formacion-especializada","status":"publish","type":"post","link":"https:\/\/informacionlocal.es\/en\/el-cabildo-de-fuerteventura-promueve-los-talleres-artesanales-in-situ-para-formacion-especializada\/","title":{"rendered":"El Cabildo de Fuerteventura promueve los talleres artesanales \u2018In Situ\u2019 para formaci\u00f3n especializada"},"content":{"rendered":"<div class=\"entry-content\"><strong>30 septiembre, 2025<\/strong><\/p>\n<p><strong><em>La iniciativa favorece la inserci\u00f3n profesional de nuevos talentos<br \/>\nen oficios como joyer\u00eda, marroquiner\u00eda, patchwork-almazuelas y macram\u00e9<\/em><\/strong><\/p>\n<p>El Cabildo de Fuerteventura, a trav\u00e9s de la Consejer\u00eda de<br \/>\nArtesan\u00eda que dirige Lolina Negr\u00edn, y dentro del programa \u2018EnRedArte\u2019 desarrolla<br \/>\nlos talleres \u2018In Situ\u2019, un proyecto en el que experimentados artesanos abren<br \/>\nlas puertas de sus talleres a alumnado con un nivel avanzado de conocimientos y<br \/>\nhabilidades. El objetivo es ofrecerles una formaci\u00f3n especializada en un oficio<br \/>\no t\u00e9cnica concreta que facilite su incorporaci\u00f3n profesional al sector.<\/p>\n<p>Actualmente, la formaci\u00f3n se encuentra en pleno desarrollo en<br \/>\nmodalidad individual, a modo de clase particular, lo que permite un<br \/>\nacompa\u00f1amiento directo y personalizado entre maestro y aprendiz. De esta forma,<br \/>\ncada alumno recibe una atenci\u00f3n exclusiva y adaptada a su proceso de<br \/>\naprendizaje.<\/p>\n<p>Durante 2025, el taller se centrar\u00e1 en los oficios de joyer\u00eda, marroquiner\u00eda, patchwork-almazuela y macram\u00e9. La experiencia se lleva a cabo directamente en los talleres de los maestros artesanos, en un entorno plenamente profesional y bajo un compromiso firme por parte del alumnado con el proceso de aprendizaje, lo que asegura una preparaci\u00f3n integral de car\u00e1cter te\u00f3rico-pr\u00e1ctico.<\/p>\n<p>La Corporaci\u00f3n insular persigue con esta iniciativa la creaci\u00f3n de<br \/>\nuna Red de talleres artesanos que funcione como un entramado vivo de<br \/>\naprendizaje y transmisi\u00f3n, asegurando que el patrimonio de los oficios contin\u00fae<br \/>\nvigente y con nuevas generaciones preparadas para darle futuro.<\/p>\n<\/div>\n","protected":false},"excerpt":{"rendered":"<p>30 septiembre, 2025 La iniciativa favorece la inserci\u00f3n profesional de nuevos talentos en oficios como joyer\u00eda, marroquiner\u00eda, patchwork-almazuelas y macram\u00e9 El Cabildo de Fuerteventura, a trav\u00e9s de la Consejer\u00eda de [&hellip;]<\/p>\n","protected":false},"author":1,"featured_media":11603,"comment_status":"open","ping_status":"open","sticky":false,"template":"","format":"standard","meta":{"inline_featured_image":false,"jnews-multi-image_gallery":[],"jnews_single_post":[],"jnews_primary_category":[],"jnews_social_meta":[],"jnews_override_counter":[],"jnews_post_split":[],"footnotes":""},"categories":[58],"tags":[82],"class_list":["post-11601","post","type-post","status-publish","format-standard","has-post-thumbnail","hentry","category-cabildo","tag-fuerteventura"],"jetpack_featured_media_url":"https:\/\/informacionlocal.es\/wp-content\/uploads\/2025\/09\/talleres-in-situ-1.jpeg","_links":{"self":[{"href":"https:\/\/informacionlocal.es\/en\/wp-json\/wp\/v2\/posts\/11601","targetHints":{"allow":["GET"]}}],"collection":[{"href":"https:\/\/informacionlocal.es\/en\/wp-json\/wp\/v2\/posts"}],"about":[{"href":"https:\/\/informacionlocal.es\/en\/wp-json\/wp\/v2\/types\/post"}],"author":[{"embeddable":true,"href":"https:\/\/informacionlocal.es\/en\/wp-json\/wp\/v2\/users\/1"}],"replies":[{"embeddable":true,"href":"https:\/\/informacionlocal.es\/en\/wp-json\/wp\/v2\/comments?post=11601"}],"version-history":[{"count":0,"href":"https:\/\/informacionlocal.es\/en\/wp-json\/wp\/v2\/posts\/11601\/revisions"}],"wp:featuredmedia":[{"embeddable":true,"href":"https:\/\/informacionlocal.es\/en\/wp-json\/wp\/v2\/media\/11603"}],"wp:attachment":[{"href":"https:\/\/informacionlocal.es\/en\/wp-json\/wp\/v2\/media?parent=11601"}],"wp:term":[{"taxonomy":"category","embeddable":true,"href":"https:\/\/informacionlocal.es\/en\/wp-json\/wp\/v2\/categories?post=11601"},{"taxonomy":"post_tag","embeddable":true,"href":"https:\/\/informacionlocal.es\/en\/wp-json\/wp\/v2\/tags?post=11601"}],"curies":[{"name":"wp","href":"https:\/\/api.w.org\/{rel}","templated":true}]}}