{"id":11565,"date":"2025-09-29T14:59:25","date_gmt":"2025-09-29T13:59:25","guid":{"rendered":"https:\/\/informacionlocal.es\/arranca-el-campeonato-insular-neuromajo-2025-con-un-pasacalle-inaugural-en-corralejo\/"},"modified":"2025-09-29T14:59:25","modified_gmt":"2025-09-29T13:59:25","slug":"arranca-el-campeonato-insular-neuromajo-2025-con-un-pasacalle-inaugural-en-corralejo","status":"publish","type":"post","link":"https:\/\/informacionlocal.es\/en\/arranca-el-campeonato-insular-neuromajo-2025-con-un-pasacalle-inaugural-en-corralejo\/","title":{"rendered":"Arranca el Campeonato Insular Neuromajo 2025 con un pasacalle inaugural en Corralejo"},"content":{"rendered":"<div class=\"entry-content\"><strong>26 septiembre, 2025<\/strong><\/p>\n<p><strong><em>Casi 300 personas participan en la segunda edici\u00f3n del proyecto del Cabildo de Fuerteventura, en colaboraci\u00f3n con ayuntamientos y Asociaci\u00f3n Neurol\u00edmpica<\/em><\/strong><\/p>\n<p>El Cabildo de Fuerteventura, a trav\u00e9s de la Consejer\u00eda de Acci\u00f3n Social, puso en marcha, desde el pasado mes de marzo, la segunda edici\u00f3n del proyecto Neuromajo, en colaboraci\u00f3n con la Asociaci\u00f3n Neurol\u00edmpica y todos los ayuntamientos de la Isla. Tras una serie de entrenamientos y encuentros amistosos, la competici\u00f3n insular ha comenzado hoy, 26 de septiembre, con un pasacalle y ceremonia inaugural en Corralejo (municipio de La Oliva).<\/p>\n<p>El recorrido llev\u00f3 a los 23 equipos participantes desde la Avenida Nuestra Se\u00f1ora del Carmen hasta la plaza Patricio Calero, mostrando su entusiasmo ante esta nueva edici\u00f3n.\u00a0 El pasacalle cont\u00f3 con la participaci\u00f3n de Cotillo Joven.<\/p>\n<p>A continuaci\u00f3n, se celebr\u00f3 la ceremonia de inauguraci\u00f3n. La presidenta del Cabildo de Fuerteventura, Lola Garc\u00eda, dio la bienvenida a los casi 300 participantes en la competici\u00f3n insular, as\u00ed como a los 32 entrenadores que forman parte de esta edici\u00f3n. \u201cQueremos felicitarles por el esfuerzo, dedicaci\u00f3n y compromiso que han mostrado con este proyecto tan importante para nuestra comunidad\u201d.<\/p>\n<p>El consejero de Acci\u00f3n Social, V\u00edctor Alonso, agradeci\u00f3 a todas las personas, ayuntamientos y t\u00e9cnicos que hacen posible Neuromajo 2025, as\u00ed como a los ayuntamientos.<\/p>\n<p>En la ceremonia inaugural intervinieron, adem\u00e1s, el alcalde de La Oliva, Isa\u00ed Blanco, el alcalde de Puerto del Rosario, David de Vera, el alcalde de P\u00e1jara, Alejandro Jorge, as\u00ed como los concejales Am\u00e9rica Soto (Antigua), Jos\u00e9 Cerde\u00f1a (Betancuria), Noelia Garc\u00eda (Tuineje), Jennifer P\u00e9rez (Puerto del Rosario), Joana P\u00e9rez (La Oliva) y \u00c1ngeles Acosta (P\u00e1jara), as\u00ed como representantes de Padilla Supermercados Spar. Estuvieron presentes, adem\u00e1s, otros consejeros de la Corporaci\u00f3n insular y representantes municipales.<\/p>\n<p>Los equipos concursantes son \u2018Las Elegidas\u2019 e \u2018Imparables\u2019, del municipio de Antigua; \u2018Virgen de La Pe\u00f1a\u2019, de Betancuria; \u2018A Por Todas\u2019, \u2018El Olivero\u2019, \u2018La Molina\u2019, \u2018La Tahona\u2019, \u2018Los Alisios\u2019 y \u2018Las Guirre\u2019, de La Oliva; \u2018Cofete\u2019, \u2018El Faro\u2019, \u2018L@s Atrevid@s\u2019, \u2018P\u00e1jara Se Mueve\u2019, \u2018Playas de P\u00e1jara\u2019 y \u2018Amigos de P\u00e1jara\u2019, de P\u00e1jara; \u2018Las Apa\u00f1\u00e1s\u2019, \u2018Las Baifas\u2019, \u2018Las Belet\u00e9n\u2019, \u2018Los Picarones\u2019 y \u2018Maxopuerto\u2019, de Puerto del Rosario; y \u2018Camellito\u2019, \u2018L@s Cangrej@s\u2019 y \u2018Las Moriscas\u2019, de Tuineje.<\/p>\n<p>Tras este acto inaugural, la competici\u00f3n se iniciar\u00e1 ma\u00f1ana, s\u00e1bado, 27 de septiembre, a partir de las 10.00 horas, en las instalaciones de la Granja Experimental de Pozo Negro (Antigua), con las primeras rondas clasificatorias. El 28 de septiembre, domingo, se disputar\u00e1 la \u00faltima clasificatoria a partir de las 10.00 horas y se iniciar\u00e1n las rondas finales: semifinales y final de cada prueba, as\u00ed como la ceremonia de clausura.<\/p>\n<p>De los 23 equipos de Fuerteventura, se clasificar\u00e1 un equipo por cada prueba, que competir\u00e1n en la final regional el pr\u00f3ximo mes de diciembre.<\/p>\n<p>Neuromajo 2025 cuenta con la implicaci\u00f3n de Padilla Supermercados Spar, gracias a un convenio que ha permitido entregar tarjetas descuento para la compra de productos saludables y de primera necesidad a los y las participantes de esta edici\u00f3n.<\/p>\n<\/div>\n","protected":false},"excerpt":{"rendered":"<p>26 septiembre, 2025 Casi 300 personas participan en la segunda edici\u00f3n del proyecto del Cabildo de Fuerteventura, en colaboraci\u00f3n con ayuntamientos y Asociaci\u00f3n Neurol\u00edmpica El Cabildo de Fuerteventura, a trav\u00e9s [&hellip;]<\/p>\n","protected":false},"author":1,"featured_media":11567,"comment_status":"open","ping_status":"open","sticky":false,"template":"","format":"standard","meta":{"inline_featured_image":false,"jnews-multi-image_gallery":[],"jnews_single_post":[],"jnews_primary_category":[],"jnews_social_meta":[],"jnews_override_counter":[],"jnews_post_split":[],"footnotes":""},"categories":[58],"tags":[82],"class_list":["post-11565","post","type-post","status-publish","format-standard","has-post-thumbnail","hentry","category-cabildo","tag-fuerteventura"],"jetpack_featured_media_url":"https:\/\/informacionlocal.es\/wp-content\/uploads\/2025\/09\/neuromajo.jpeg","_links":{"self":[{"href":"https:\/\/informacionlocal.es\/en\/wp-json\/wp\/v2\/posts\/11565","targetHints":{"allow":["GET"]}}],"collection":[{"href":"https:\/\/informacionlocal.es\/en\/wp-json\/wp\/v2\/posts"}],"about":[{"href":"https:\/\/informacionlocal.es\/en\/wp-json\/wp\/v2\/types\/post"}],"author":[{"embeddable":true,"href":"https:\/\/informacionlocal.es\/en\/wp-json\/wp\/v2\/users\/1"}],"replies":[{"embeddable":true,"href":"https:\/\/informacionlocal.es\/en\/wp-json\/wp\/v2\/comments?post=11565"}],"version-history":[{"count":0,"href":"https:\/\/informacionlocal.es\/en\/wp-json\/wp\/v2\/posts\/11565\/revisions"}],"wp:featuredmedia":[{"embeddable":true,"href":"https:\/\/informacionlocal.es\/en\/wp-json\/wp\/v2\/media\/11567"}],"wp:attachment":[{"href":"https:\/\/informacionlocal.es\/en\/wp-json\/wp\/v2\/media?parent=11565"}],"wp:term":[{"taxonomy":"category","embeddable":true,"href":"https:\/\/informacionlocal.es\/en\/wp-json\/wp\/v2\/categories?post=11565"},{"taxonomy":"post_tag","embeddable":true,"href":"https:\/\/informacionlocal.es\/en\/wp-json\/wp\/v2\/tags?post=11565"}],"curies":[{"name":"wp","href":"https:\/\/api.w.org\/{rel}","templated":true}]}}