{"id":11513,"date":"2025-09-27T04:00:09","date_gmt":"2025-09-27T03:00:09","guid":{"rendered":"https:\/\/informacionlocal.es\/puerto-del-rosario-abre-las-puertas-de-la-molina-de-la-charca\/"},"modified":"2025-09-27T04:00:09","modified_gmt":"2025-09-27T03:00:09","slug":"puerto-del-rosario-abre-las-puertas-de-la-molina-de-la-charca","status":"publish","type":"post","link":"https:\/\/informacionlocal.es\/en\/puerto-del-rosario-abre-las-puertas-de-la-molina-de-la-charca\/","title":{"rendered":"Puerto del Rosario abre las puertas de La Molina de La Charca"},"content":{"rendered":"<div class=\"entry-content\">\n<div class=\"xdj266r x14z9mp xat24cr x1lziwak x1vvkbs x126k92a\">\n<div dir=\"auto\">En la tarde-noche del viernes, 26 de septiembre, abr\u00eda sus puertas la Molina de La Charca, con la participaci\u00f3n del ayuntamiento de Puerto del Rosario, a trav\u00e9s de la Concejal\u00eda de Obras, Concejal\u00eda de Turismo y la Direcci\u00f3n General de Infraestructura, Sostenibilidad y Calidad Tur\u00edstica del Gobierno de Canarias.<\/div>\n<\/div>\n<div class=\"x14z9mp xat24cr x1lziwak x1vvkbs xtlvy1s x126k92a\">\n<div dir=\"auto\">\u00a0La molina fue construida en el verano de 1878, su promotor fue el comerciante Domingo \u00c1ngel Adri\u00e1n quien eligi\u00f3 un punto estrat\u00e9gico para su ubicaci\u00f3n, en la confluencia de dos caminos: el que iba a Tetir (actualmente Avenida Juan de Betancourt) y el que se dirig\u00eda a El Time (actualmente calle Teresa L\u00f3pez).<\/div>\n<\/div>\n<div class=\"x14z9mp xat24cr x1lziwak x1vvkbs xtlvy1s x126k92a\">\n<div dir=\"auto\">Esta infraestructura fue hecha con las t\u00e9cnicas de la \u00e9poca: muros de mamposter\u00eda con piedras de tama\u00f1o medio unidas con una mezcla de barro, arena, cal y paja.<\/div>\n<\/div>\n<div class=\"x14z9mp xat24cr x1lziwak x1vvkbs xtlvy1s x126k92a\">\n<div dir=\"auto\">Se podr\u00e1 visitar, de forma gratuita de lunes a viernes, de 09 a 17 h<\/div>\n<\/div>\n<div class=\"x14z9mp xat24cr x1lziwak x1vvkbs xtlvy1s x126k92a\">\n<div dir=\"auto\">El ayuntamiento hace una invitaci\u00f3n a vecinos y visitantes a descubrir nuestra Historia y cultura con esta fant\u00e1stica molina.<\/div>\n<\/div>\n<\/div>\n","protected":false},"excerpt":{"rendered":"<p>En la tarde-noche del viernes, 26 de septiembre, abr\u00eda sus puertas la Molina de La Charca, con la participaci\u00f3n del ayuntamiento de Puerto del Rosario, a trav\u00e9s de la Concejal\u00eda [&hellip;]<\/p>\n","protected":false},"author":1,"featured_media":11515,"comment_status":"open","ping_status":"open","sticky":false,"template":"","format":"standard","meta":{"inline_featured_image":false,"jnews-multi-image_gallery":[],"jnews_single_post":[],"jnews_primary_category":[],"jnews_social_meta":[],"jnews_override_counter":[],"jnews_post_split":[],"footnotes":""},"categories":[61],"tags":[],"class_list":["post-11513","post","type-post","status-publish","format-standard","has-post-thumbnail","hentry","category-puerto-del-rosario"],"jetpack_featured_media_url":"https:\/\/informacionlocal.es\/wp-content\/uploads\/2025\/09\/molina-alcalde-jessica-rosa-hector-scaled-1.jpg","_links":{"self":[{"href":"https:\/\/informacionlocal.es\/en\/wp-json\/wp\/v2\/posts\/11513","targetHints":{"allow":["GET"]}}],"collection":[{"href":"https:\/\/informacionlocal.es\/en\/wp-json\/wp\/v2\/posts"}],"about":[{"href":"https:\/\/informacionlocal.es\/en\/wp-json\/wp\/v2\/types\/post"}],"author":[{"embeddable":true,"href":"https:\/\/informacionlocal.es\/en\/wp-json\/wp\/v2\/users\/1"}],"replies":[{"embeddable":true,"href":"https:\/\/informacionlocal.es\/en\/wp-json\/wp\/v2\/comments?post=11513"}],"version-history":[{"count":0,"href":"https:\/\/informacionlocal.es\/en\/wp-json\/wp\/v2\/posts\/11513\/revisions"}],"wp:featuredmedia":[{"embeddable":true,"href":"https:\/\/informacionlocal.es\/en\/wp-json\/wp\/v2\/media\/11515"}],"wp:attachment":[{"href":"https:\/\/informacionlocal.es\/en\/wp-json\/wp\/v2\/media?parent=11513"}],"wp:term":[{"taxonomy":"category","embeddable":true,"href":"https:\/\/informacionlocal.es\/en\/wp-json\/wp\/v2\/categories?post=11513"},{"taxonomy":"post_tag","embeddable":true,"href":"https:\/\/informacionlocal.es\/en\/wp-json\/wp\/v2\/tags?post=11513"}],"curies":[{"name":"wp","href":"https:\/\/api.w.org\/{rel}","templated":true}]}}