{"id":11439,"date":"2025-09-27T00:02:43","date_gmt":"2025-09-26T23:02:43","guid":{"rendered":"https:\/\/informacionlocal.es\/fuerteventura-acoge-una-demostracion-de-vuelo-de-drones-en-situaciones-de-emergencia-y-transporte-de-material-sanitario\/"},"modified":"2025-09-27T00:02:43","modified_gmt":"2025-09-26T23:02:43","slug":"fuerteventura-acoge-una-demostracion-de-vuelo-de-drones-en-situaciones-de-emergencia-y-transporte-de-material-sanitario","status":"publish","type":"post","link":"https:\/\/informacionlocal.es\/en\/fuerteventura-acoge-una-demostracion-de-vuelo-de-drones-en-situaciones-de-emergencia-y-transporte-de-material-sanitario\/","title":{"rendered":"Fuerteventura acoge una demostraci\u00f3n de vuelo de drones en situaciones de emergencia y transporte de material sanitario"},"content":{"rendered":"<div class=\"entry-content\"><strong>26 septiembre, 2025<\/strong><\/p>\n<p><em><strong>El proyecto U-ELCOME realiz\u00f3 el simulacro en el Canarias Stratoport del Parque Tecnol\u00f3gico de Fuerteventura, con la participaci\u00f3n de Salvamento y Emergencias del Gobierno de Canarias, el centro tecnol\u00f3gico ITG y la UTE Pegasus- Telespazio<\/strong><\/em><\/p>\n<p>El proyecto europeo U-ELCOME ha realizado en el Parque Tecnol\u00f3gico, dependiente del Cabildo de Fuerteventura, una demostraci\u00f3n pr\u00e1ctica del uso de tecnolog\u00eda U-Space, orientada a la gesti\u00f3n automatizada de drones en espacio a\u00e9reo, en situaciones de emergencia y transporte de material sanitario.<\/p>\n<p>El simulacro se llev\u00f3 a cabo en el Canarias Stratoport for HAPS &amp; UAS, una infraestructura p\u00fablica del Parque Tecnol\u00f3gico de Fuerteventura, especializada en el ensayo y operaci\u00f3n de plataformas a\u00e9reas no tripuladas, como drones (UAS) y pseudosat\u00e9lites de gran altitud (HAPS).<\/p>\n<p>Se trata de la \u00faltima demostraci\u00f3n llevada a cabo por este proyecto, coordinado por EUROCONTROL y liderado en Espa\u00f1a por ENAIRE, tras haber realizado simulacros en localizaciones de todo el territorio nacional, Italia y Francia.<\/p>\n<p>La presidenta del Cabildo de Fuerteventura, Lola Garc\u00eda, se\u00f1al\u00f3 que \u201cel proyecto U-ELCOME nos muestra las capacidades que tiene el Parque Tecnol\u00f3gico de Fuerteventura y sus instalaciones para el desarrollo de misiones de servicio p\u00fablico: vemos como drones y helic\u00f3pteros colaboran en misiones de emergencia y transporte sanitario, con un ejemplo pr\u00e1ctico de c\u00f3mo la tecnolog\u00eda puede salvar vidas y mejorar nuestra respuesta en situaciones cr\u00edticas\u201d. Esto confirma, por otra parte, \u201cque cuando instituciones, empresas y sociedad trabajan juntas, podemos atraer innovaci\u00f3n, generar inversi\u00f3n y diversificar nuestra econom\u00eda\u201d.<\/p>\n<p>El consejero de Seguridad y Emergencias, Manuel Miranda, recalc\u00f3 que \u201cla tecnolog\u00eda no es un fin en s\u00ed mismo, es un instrumento de cohesi\u00f3n territorial. Nos permite que los ciudadanos, vivan donde vivan, tengan acceso a servicios m\u00e1s r\u00e1pidos, m\u00e1s eficaces y m\u00e1s seguros. Nos permite afrontar emergencias y atender a la poblaci\u00f3n con m\u00e1s rapidez y eficacia. Y tambi\u00e9n nos ayuda a enfrentar el gran desaf\u00edo que tenemos por delante: el reto demogr\u00e1fico, que nos exige garantizar igualdad de oportunidades en todas nuestras islas\u201d.<\/p>\n<p>Miranda puntualiz\u00f3 que \u201cese es uno de los grandes objetivos del Gobierno de Canarias: avanzar hacia unas islas m\u00e1s iguales, donde la innovaci\u00f3n no sea un privilegio, sino un bien compartido que llegue a cada rinc\u00f3n del Archipi\u00e9lago\u201d.<\/p>\n<p>En el acto han participado, asimismo, el alcalde de Puerto del Rosario, David de Vera, la directora insular de la Administraci\u00f3n General del Estado, Mar\u00eda Jes\u00fas de la Cruz, y el director del \u00e1rea de Salud en Fuerteventura, Tom\u00e1s P\u00e9rez.<\/p>\n<p>La tecnolog\u00eda U-Space se dirige a integrar drones en el espacio a\u00e9reo de forma segura.\u00a0 Bajo el t\u00edtulo, U-ELCOME Demo Open Day, la demostraci\u00f3n ha consistido en vuelos de reconocimiento con UAS (aeronaves no tripuladas) de gran altitud, operados por la UTE Telespazio Ib\u00e9rica-Pegasus.\u00a0 Se ha contado con la participaci\u00f3n de equipos de rescate y un helic\u00f3ptero de Emergencias y Salvamento del Gobierno de Canarias.<\/p>\n<p>Durante el ejercicio, se han simulado situaciones de emergencia que requer\u00edan reconocimiento a\u00e9reo y transporte de material sanitario. Los vuelos de drones detectaron un incidente y el equipo activ\u00f3 el protocolo de emergencia. A continuaci\u00f3n, un helic\u00f3ptero de Emergencias y Salvamento del Gobierno de Canarias despeg\u00f3 del Aeropuerto de Fuerteventura para prestar asistencia. En una segunda fase, se simul\u00f3 el env\u00edo de medicamentos desde el Hospital General mediante UAS, que realizaron el transporte hasta el lugar del suceso.<\/p>\n<p>Los servicios U-Space de ENAIRE y el centro tecnol\u00f3gico ITG permitieron gestionar la operaci\u00f3n en espacio a\u00e9reo controlado, garantizando la seguridad con el tr\u00e1fico a\u00e9reo convencional.<\/p>\n<p><strong>U-ELCOME<\/strong><\/p>\n<p>El proyecto U-ELCOME busca fomentar la adopci\u00f3n de estos servicios en Europa, habiendo desarrollado estas demostraciones de vuelo en 15 localizaciones de Espa\u00f1a, Italia y Francia. Cuenta con financiaci\u00f3n de CINEA \u2013 Agencia Ejecutiva Europea de Clima, Infraestructuras y Medio Ambiente en colaboraci\u00f3n con SESAR 3 Joint Undertaking y est\u00e1 coordinado por EUROCONTROL.<\/p>\n<p>Durante la ma\u00f1ana, U-ELCOME present\u00f3, adem\u00e1s, los avances alcanzados en el marco del proyecto, as\u00ed como los planes futuros para la utilizaci\u00f3n de UAS en el transporte de suministros m\u00e9dicos entre los centros de salud de la isla.<\/p>\n<\/div>\n","protected":false},"excerpt":{"rendered":"<p>26 septiembre, 2025 El proyecto U-ELCOME realiz\u00f3 el simulacro en el Canarias Stratoport del Parque Tecnol\u00f3gico de Fuerteventura, con la participaci\u00f3n de Salvamento y Emergencias del Gobierno de Canarias, el [&hellip;]<\/p>\n","protected":false},"author":1,"featured_media":11441,"comment_status":"open","ping_status":"open","sticky":false,"template":"","format":"standard","meta":{"inline_featured_image":false,"jnews-multi-image_gallery":[],"jnews_single_post":[],"jnews_primary_category":[],"jnews_social_meta":[],"jnews_override_counter":[],"jnews_post_split":[],"footnotes":""},"categories":[58],"tags":[82,76],"class_list":["post-11439","post","type-post","status-publish","format-standard","has-post-thumbnail","hentry","category-cabildo","tag-fuerteventura","tag-medio-ambiente"],"jetpack_featured_media_url":"https:\/\/informacionlocal.es\/wp-content\/uploads\/2025\/09\/1758897059-3e738a76926db7b9edafcf76ae1684e1.jpg","_links":{"self":[{"href":"https:\/\/informacionlocal.es\/en\/wp-json\/wp\/v2\/posts\/11439","targetHints":{"allow":["GET"]}}],"collection":[{"href":"https:\/\/informacionlocal.es\/en\/wp-json\/wp\/v2\/posts"}],"about":[{"href":"https:\/\/informacionlocal.es\/en\/wp-json\/wp\/v2\/types\/post"}],"author":[{"embeddable":true,"href":"https:\/\/informacionlocal.es\/en\/wp-json\/wp\/v2\/users\/1"}],"replies":[{"embeddable":true,"href":"https:\/\/informacionlocal.es\/en\/wp-json\/wp\/v2\/comments?post=11439"}],"version-history":[{"count":0,"href":"https:\/\/informacionlocal.es\/en\/wp-json\/wp\/v2\/posts\/11439\/revisions"}],"wp:featuredmedia":[{"embeddable":true,"href":"https:\/\/informacionlocal.es\/en\/wp-json\/wp\/v2\/media\/11441"}],"wp:attachment":[{"href":"https:\/\/informacionlocal.es\/en\/wp-json\/wp\/v2\/media?parent=11439"}],"wp:term":[{"taxonomy":"category","embeddable":true,"href":"https:\/\/informacionlocal.es\/en\/wp-json\/wp\/v2\/categories?post=11439"},{"taxonomy":"post_tag","embeddable":true,"href":"https:\/\/informacionlocal.es\/en\/wp-json\/wp\/v2\/tags?post=11439"}],"curies":[{"name":"wp","href":"https:\/\/api.w.org\/{rel}","templated":true}]}}