{"id":11427,"date":"2025-09-26T22:23:03","date_gmt":"2025-09-26T21:23:03","guid":{"rendered":"https:\/\/informacionlocal.es\/benjamin-prado-pregonero-de-la-35-feria-del-libro-de-fuerteventura\/"},"modified":"2025-09-26T22:23:03","modified_gmt":"2025-09-26T21:23:03","slug":"benjamin-prado-pregonero-de-la-35-feria-del-libro-de-fuerteventura","status":"publish","type":"post","link":"https:\/\/informacionlocal.es\/en\/benjamin-prado-pregonero-de-la-35-feria-del-libro-de-fuerteventura\/","title":{"rendered":"Benjam\u00edn Prado, pregonero de la 35 Feria del Libro de Fuerteventura"},"content":{"rendered":"<div class=\"entry-content\"><strong>26 septiembre, 2025<\/strong><\/p>\n<p><strong><em>Del 23 al 26 de octubre, la Isla reunir\u00e1 a libreros, editores y<br \/>\nlectores en la Plaza del Palacio de Formaci\u00f3n y Congresos<\/em><\/strong><\/p>\n<p>El poeta y escritor Benjam\u00edn Prado ser\u00e1 el encargado de impartir<br \/>\nla conferencia inaugural de la 35 edici\u00f3n de la Feria del Libro de<br \/>\nFuerteventura, que se celebrar\u00e1 del 23 al 26 de octubre en la Plaza del Palacio<br \/>\nde Formaci\u00f3n y Congresos de Fuerteventura.<\/p>\n<p>Participante en varias ocasiones en la Feria del Libro de<br \/>\nFuerteventura y de otros eventos literarios que se han celebrado en la Isla,<br \/>\nBenjam\u00edn Prado compartir\u00e1 con lectores, libreros, escritores y editores el<br \/>\narranque de la Feria del Libro de Fuerteventura el pr\u00f3ximo 23 de octubre.<\/p>\n<p>Prado es poeta, novelista y ensayista adem\u00e1s de asiduo colaborador<br \/>\nen prensa y programas de radio y televisi\u00f3n. Considerado como uno de los<br \/>\nautores m\u00e1s interesantes de su generaci\u00f3n, suma numerosos premios en su<br \/>\ntrayectoria como el Hiperi\u00f3n; el Premio Internacional de Poes\u00eda Ciudad de<br \/>\nMelilla; el Premio Andaluc\u00eda de Novela; el Generaci\u00f3n del 27; y el Premio Pop<br \/>\nEye.<\/p>\n<p>Con un estilo po\u00e9tico cercano al culturalismo, Benjam\u00edn Prado ha<br \/>\nsido incluido, junto a otros autores como Vicente Gallego, Aurora Luque y Amaia<br \/>\nBautista, en la denominada Generaci\u00f3n del 99. Tambi\u00e9n ha participado en la<br \/>\ncreaci\u00f3n de letras de canciones de m\u00fasicos como Joaqu\u00edn Sabina, Coque Malla,<br \/>\nAmaia Montero y Pereza. <\/p>\n<p>La organizaci\u00f3n de la Feria del Libro de Fuerteventura trabaja ya<br \/>\nen la elaboraci\u00f3n de una programaci\u00f3n que dar\u00e1 a conocer en las pr\u00f3ximas<br \/>\nsemanas. Al anuncio del nombre del pregonero de esta edici\u00f3n se suma la noticia<br \/>\ndel concierto de Muerdo, el 24 de octubre anunciado por la organizaci\u00f3n hace<br \/>\nunos d\u00edas.<\/p>\n<p>La 35 edici\u00f3n de la Feria del Libro de Fuerteventura se celebra<br \/>\ndel 23 al 26 de octubre en la Plaza del Palacio de Formaci\u00f3n y Congresos.<br \/>\nPresentaciones de libros, encuentros con autores, espect\u00e1culos de teatro, circo<br \/>\ny danza adem\u00e1s de\u00a0 conciertos y<br \/>\nencuentros po\u00e9ticos vertebran una programaci\u00f3n que convierten a la Feria del<br \/>\nLibro de Fuerteventura en el epicentro de la cultura insular.<\/p>\n<p>La Feria del Libro est\u00e1 organizada por el Centro Bibliotecario<br \/>\nInsular, dependiente de la Consejer\u00eda de Cultura del Cabildo de Fuerteventura,<br \/>\ny cuenta con la colaboraci\u00f3n del Instituto Canario de Desarrollo Cultural del<br \/>\nGobierno de Canarias.<\/p>\n<p>Benjam\u00edn Prado naci\u00f3 en Madrid en 1961. Ha publicado las<br \/>\nnovelas\u00a0<em>Raro<\/em>\u00a0(1995),\u00a0<em>Nunca le des la mano a un<br \/>\npistolero zurdo<\/em>\u00a0(1996),\u00a0<em>D\u00f3nde crees que vas y qui\u00e9n te crees<br \/>\nque eres<\/em>\u00a0(1996),\u00a0<em>Alguien se acerca<\/em>\u00a0(1998),\u00a0<em>No<br \/>\ns\u00f3lo el fuego<\/em>\u00a0(1999),\u00a0<em>La nieve est\u00e1 vac\u00eda<\/em>\u00a0(2000),\u00a0<em>Mala<br \/>\ngente que camina<\/em>\u00a0(2006),\u00a0<em>Operaci\u00f3n Gladio<\/em>\u00a0(2011),\u00a0<em>Ajuste<br \/>\nde cuentas<\/em>\u00a0(2013),\u00a0<em>Los treinta apellidos<\/em>\u00a0(2018);\u00a0<em>Todo<br \/>\nlo carga el diablo<\/em>\u00a0(2020),\u00a0<em>Los dos reyes<\/em>\u00a0(2022)<br \/>\ny\u00a0<em>El anillo del general\u00a0<\/em>(2024);\u00a0los libros de<br \/>\nrelatos\u00a0<em>Jam\u00e1s saldr\u00e9 vivo de este mundo<\/em>\u00a0(2003) y\u00a0<em>Qu\u00e9<br \/>\nescondes en la mano<\/em>\u00a0(2013). Tambi\u00e9n es autor de los ensayos\u00a0<em>Siete<br \/>\nmaneras de decir manzana<\/em>\u00a0(2000)\u00a0<em>Los nombres de Ant\u00edgona<\/em>\u00a0(2001),<br \/>\n<em>A la sombra del \u00e1ngel<\/em>\u00a0(2002) y\u00a0<em>Romper una canci\u00f3n<\/em>\u00a0(2010).<br \/>\nSu obra po\u00e9tica est\u00e1 reunida\u00a0en el volumen\u00a0<em>Acuerdo verbal<\/em>\u00a0(2018),<br \/>\nal que sigui\u00f3\u00a0<em>Paradero desconocido<\/em>\u00a0(2023). Ha escrito tambi\u00e9n<br \/>\nlos libros de aforismos\u00a0<em>Pura l\u00f3gica<\/em>\u00a0(2012),\u00a0<em>Doble<br \/>\nfondo<\/em>\u00a0(2014) y\u00a0<em>M\u00e1s que palabras<\/em>\u00a0(2015), y junto al<br \/>\nm\u00fasico Joaqu\u00edn Sabina el tomo\u00a0<em>Incluso la verdad<\/em>\u00a0(2017).<\/p>\n<\/div>\n","protected":false},"excerpt":{"rendered":"<p>26 septiembre, 2025 Del 23 al 26 de octubre, la Isla reunir\u00e1 a libreros, editores y lectores en la Plaza del Palacio de Formaci\u00f3n y Congresos El poeta y escritor [&hellip;]<\/p>\n","protected":false},"author":1,"featured_media":11429,"comment_status":"open","ping_status":"open","sticky":false,"template":"","format":"standard","meta":{"inline_featured_image":false,"jnews-multi-image_gallery":[],"jnews_single_post":[],"jnews_primary_category":[],"jnews_social_meta":[],"jnews_override_counter":[],"jnews_post_split":[],"footnotes":""},"categories":[58],"tags":[69,82],"class_list":["post-11427","post","type-post","status-publish","format-standard","has-post-thumbnail","hentry","category-cabildo","tag-eventos","tag-fuerteventura"],"jetpack_featured_media_url":"https:\/\/informacionlocal.es\/wp-content\/uploads\/2025\/09\/pregonero-35-feria-del-libro.jpeg","_links":{"self":[{"href":"https:\/\/informacionlocal.es\/en\/wp-json\/wp\/v2\/posts\/11427","targetHints":{"allow":["GET"]}}],"collection":[{"href":"https:\/\/informacionlocal.es\/en\/wp-json\/wp\/v2\/posts"}],"about":[{"href":"https:\/\/informacionlocal.es\/en\/wp-json\/wp\/v2\/types\/post"}],"author":[{"embeddable":true,"href":"https:\/\/informacionlocal.es\/en\/wp-json\/wp\/v2\/users\/1"}],"replies":[{"embeddable":true,"href":"https:\/\/informacionlocal.es\/en\/wp-json\/wp\/v2\/comments?post=11427"}],"version-history":[{"count":0,"href":"https:\/\/informacionlocal.es\/en\/wp-json\/wp\/v2\/posts\/11427\/revisions"}],"wp:featuredmedia":[{"embeddable":true,"href":"https:\/\/informacionlocal.es\/en\/wp-json\/wp\/v2\/media\/11429"}],"wp:attachment":[{"href":"https:\/\/informacionlocal.es\/en\/wp-json\/wp\/v2\/media?parent=11427"}],"wp:term":[{"taxonomy":"category","embeddable":true,"href":"https:\/\/informacionlocal.es\/en\/wp-json\/wp\/v2\/categories?post=11427"},{"taxonomy":"post_tag","embeddable":true,"href":"https:\/\/informacionlocal.es\/en\/wp-json\/wp\/v2\/tags?post=11427"}],"curies":[{"name":"wp","href":"https:\/\/api.w.org\/{rel}","templated":true}]}}