{"id":11421,"date":"2025-09-26T20:58:56","date_gmt":"2025-09-26T19:58:56","guid":{"rendered":"https:\/\/informacionlocal.es\/el-pleno-del-cabildo-aprueba-provisionalmente-el-reglamento-interno-de-los-centros-de-dia-para-personas-mayores\/"},"modified":"2025-09-26T20:58:56","modified_gmt":"2025-09-26T19:58:56","slug":"el-pleno-del-cabildo-aprueba-provisionalmente-el-reglamento-interno-de-los-centros-de-dia-para-personas-mayores","status":"publish","type":"post","link":"https:\/\/informacionlocal.es\/en\/el-pleno-del-cabildo-aprueba-provisionalmente-el-reglamento-interno-de-los-centros-de-dia-para-personas-mayores\/","title":{"rendered":"El Pleno del Cabildo aprueba provisionalmente el reglamento interno de los centros de d\u00eda para personas mayores"},"content":{"rendered":"<div class=\"entry-content\"><strong>26 septiembre, 2025<\/strong><\/p>\n<p>El Pleno del Cabildo de Fuerteventura ha aprobado, por unanimidad y de forma provisional, el reglamento de r\u00e9gimen interno de los centros de d\u00eda para personas mayores dependientes de la Corporaci\u00f3n insular, que regula la normativa y el funcionamiento de estos recursos. Tras esta aprobaci\u00f3n inicial, se someter\u00e1 a exposici\u00f3n p\u00fablica por el periodo de un mes para recoger aportaciones.<\/p>\n<p>Hasta la fecha, los reglamentos internos de los centros se trasladaban a la adjudicataria de cada contrato. Con la aprobaci\u00f3n del RRI, se unifica en un \u00fanico reglamento, agrupando criterios y permitiendo su aplicaci\u00f3n en el tiempo.<\/p>\n<p>El Cabildo de Fuerteventura cuenta, actualmente, con dos centros de estancia diurna para personas mayores: Centro de D\u00eda Josefina Pl\u00e1 (La Oliva) y Centro de D\u00eda de Puerto del Rosario, con treinta plazas cada uno. Asimismo, se trabaja para la creaci\u00f3n de nuevas plazas de estancia diurna en la Isla.<\/p>\n<p>El consejero de Acci\u00f3n Social, V\u00edctor Alonso, explica que los centros de d\u00eda se dirigen a prestar atenci\u00f3n a las personas dependientes con el objetivo de mantener o mejorar su autonom\u00eda personal y apoyar a familiares o cuidadores, facilitando el respiro familiar y la permanencia de la persona usuaria en el entorno habitual de vida. Ofrecen prestaciones de asesoramiento, prevenci\u00f3n, rehabilitaci\u00f3n, orientaci\u00f3n, habilitaci\u00f3n o atenci\u00f3n asistencial y personal que precisan los usuarios en funci\u00f3n de su edad y de los requerimientos de atenci\u00f3n especializada.<\/p>\n<p>Este reglamento, que ha sido sometido a un proceso de consulta p\u00fablica previo, regular\u00e1 el r\u00e9gimen de funcionamiento, que ser\u00e1 los 248 d\u00edas al a\u00f1o, y aspectos como organizaci\u00f3n (horarios, accesos), normas de convivencia (derechos y deberes, faltas y sanciones), entre otros.\u00a0<\/p>\n<\/div>\n","protected":false},"excerpt":{"rendered":"<p>26 septiembre, 2025 El Pleno del Cabildo de Fuerteventura ha aprobado, por unanimidad y de forma provisional, el reglamento de r\u00e9gimen interno de los centros de d\u00eda para personas mayores [&hellip;]<\/p>\n","protected":false},"author":1,"featured_media":11423,"comment_status":"open","ping_status":"open","sticky":false,"template":"","format":"standard","meta":{"inline_featured_image":false,"jnews-multi-image_gallery":[],"jnews_single_post":[],"jnews_primary_category":[],"jnews_social_meta":[],"jnews_override_counter":[],"jnews_post_split":[],"footnotes":""},"categories":[58],"tags":[82],"class_list":["post-11421","post","type-post","status-publish","format-standard","has-post-thumbnail","hentry","category-cabildo","tag-fuerteventura"],"jetpack_featured_media_url":"https:\/\/informacionlocal.es\/wp-content\/uploads\/2025\/09\/1758881535-fa6514d94a18ff65165ad97b999f862c.jpg","_links":{"self":[{"href":"https:\/\/informacionlocal.es\/en\/wp-json\/wp\/v2\/posts\/11421","targetHints":{"allow":["GET"]}}],"collection":[{"href":"https:\/\/informacionlocal.es\/en\/wp-json\/wp\/v2\/posts"}],"about":[{"href":"https:\/\/informacionlocal.es\/en\/wp-json\/wp\/v2\/types\/post"}],"author":[{"embeddable":true,"href":"https:\/\/informacionlocal.es\/en\/wp-json\/wp\/v2\/users\/1"}],"replies":[{"embeddable":true,"href":"https:\/\/informacionlocal.es\/en\/wp-json\/wp\/v2\/comments?post=11421"}],"version-history":[{"count":0,"href":"https:\/\/informacionlocal.es\/en\/wp-json\/wp\/v2\/posts\/11421\/revisions"}],"wp:featuredmedia":[{"embeddable":true,"href":"https:\/\/informacionlocal.es\/en\/wp-json\/wp\/v2\/media\/11423"}],"wp:attachment":[{"href":"https:\/\/informacionlocal.es\/en\/wp-json\/wp\/v2\/media?parent=11421"}],"wp:term":[{"taxonomy":"category","embeddable":true,"href":"https:\/\/informacionlocal.es\/en\/wp-json\/wp\/v2\/categories?post=11421"},{"taxonomy":"post_tag","embeddable":true,"href":"https:\/\/informacionlocal.es\/en\/wp-json\/wp\/v2\/tags?post=11421"}],"curies":[{"name":"wp","href":"https:\/\/api.w.org\/{rel}","templated":true}]}}