{"id":11409,"date":"2025-09-26T19:12:07","date_gmt":"2025-09-26T18:12:07","guid":{"rendered":"https:\/\/informacionlocal.es\/el-pleno-del-cabildo-autoriza-la-inversion-plurianual-para-la-rehabilitacion-de-entornos-residenciales-en-cotillo\/"},"modified":"2025-09-26T19:12:07","modified_gmt":"2025-09-26T18:12:07","slug":"el-pleno-del-cabildo-autoriza-la-inversion-plurianual-para-la-rehabilitacion-de-entornos-residenciales-en-cotillo","status":"publish","type":"post","link":"https:\/\/informacionlocal.es\/en\/el-pleno-del-cabildo-autoriza-la-inversion-plurianual-para-la-rehabilitacion-de-entornos-residenciales-en-cotillo\/","title":{"rendered":"El Pleno del Cabildo autoriza la inversi\u00f3n plurianual para la rehabilitaci\u00f3n de entornos residenciales en Cotillo"},"content":{"rendered":"<div class=\"entry-content\"><strong>26 septiembre, 2025<\/strong><\/p>\n<p>El Pleno del Cabildo de Fuerteventura ha aprobado por unanimidad hoy, 26 de septiembre, la inversi\u00f3n plurianual para financiar la rehabilitaci\u00f3n de entornos residenciales en El Cotillo, municipio de La Oliva. De esta manera, la Corporaci\u00f3n insular dirige 1.128.172,94 euros en el periodo 2024-2026.<\/p>\n<p>La presidenta insular, Lola Garc\u00eda, ha destacado \u201cel firme compromiso del Cabildo en materia de vivienda, en este caso con la rehabilitaci\u00f3n de entornos residenciales que permiten mejorar la calidad de vida de vecinos y vecinas\u201d.<\/p>\n<p>El consejero de Acci\u00f3n Social y Vivienda, V\u00edctor Alonso, valora positivamente la implicaci\u00f3n de las diferentes administraciones en un fin social de primer orden como es la vivienda. Igualmente, \u201ces importante seguir colaborando con el resto de municipios para que promuevan iniciativas de este tipo, con la implicaci\u00f3n del Estado y el Gobierno de Canarias, tanto para la rehabilitaci\u00f3n de vivienda como construcci\u00f3n\u201d.<\/p>\n<p>El programa Entornos Residenciales de Rehabilitaci\u00f3n Programada de El Cotillo se dirige a rehabilitar el entorno de 138 viviendas, dentro de un acuerdo suscrito entre el Cabildo de Fuerteventura, el Ayuntamiento de La Oliva, Gobierno de Canarias y Estado, enmarcado en el Plan de Recuperaci\u00f3n de Transformaci\u00f3n y Resiliencia-Financiado por la Uni\u00f3n Europea NextGeneration EU en la comunidad aut\u00f3noma de Canarias. La aprobaci\u00f3n de la inversi\u00f3n plurianual es un paso importante para la consecuci\u00f3n del proyecto, seg\u00fan ha apuntado la consejera de Hacienda, Nuria Cabrera.<\/p>\n<p>Actualmente, se impulsan otros proyectos de rehabilitaci\u00f3n de vivienda en los municipios de La Oliva y Puerto del Rosario, tambi\u00e9n en convenio con ayuntamientos, Estado y Gobierno de Canarias. Existen, adem\u00e1s, ya otras iniciativas para la construcci\u00f3n de 57 viviendas en La Oliva y casi un centenar en las zonas de Rosa Vila, Bernegal y calle Don Quijote de Puerto del Rosario, con financiaci\u00f3n del Cabildo, Instituto Canario de Vivienda y Ministerio de Vivienda, en coordinaci\u00f3n con los ayuntamientos que definen los suelos aptos para estas infraestructuras.<\/p>\n<\/div>\n","protected":false},"excerpt":{"rendered":"<p>26 septiembre, 2025 El Pleno del Cabildo de Fuerteventura ha aprobado por unanimidad hoy, 26 de septiembre, la inversi\u00f3n plurianual para financiar la rehabilitaci\u00f3n de entornos residenciales en El Cotillo, [&hellip;]<\/p>\n","protected":false},"author":1,"featured_media":11411,"comment_status":"open","ping_status":"open","sticky":false,"template":"","format":"standard","meta":{"inline_featured_image":false,"jnews-multi-image_gallery":[],"jnews_single_post":[],"jnews_primary_category":[],"jnews_social_meta":[],"jnews_override_counter":[],"jnews_post_split":[],"footnotes":""},"categories":[58],"tags":[82,65,71],"class_list":["post-11409","post","type-post","status-publish","format-standard","has-post-thumbnail","hentry","category-cabildo","tag-fuerteventura","tag-municipios","tag-residencia"],"jetpack_featured_media_url":"https:\/\/informacionlocal.es\/wp-content\/uploads\/2025\/09\/1758881617-e82a686f9dcf2c0ebe4b82197ed3a27a.jpg","_links":{"self":[{"href":"https:\/\/informacionlocal.es\/en\/wp-json\/wp\/v2\/posts\/11409","targetHints":{"allow":["GET"]}}],"collection":[{"href":"https:\/\/informacionlocal.es\/en\/wp-json\/wp\/v2\/posts"}],"about":[{"href":"https:\/\/informacionlocal.es\/en\/wp-json\/wp\/v2\/types\/post"}],"author":[{"embeddable":true,"href":"https:\/\/informacionlocal.es\/en\/wp-json\/wp\/v2\/users\/1"}],"replies":[{"embeddable":true,"href":"https:\/\/informacionlocal.es\/en\/wp-json\/wp\/v2\/comments?post=11409"}],"version-history":[{"count":0,"href":"https:\/\/informacionlocal.es\/en\/wp-json\/wp\/v2\/posts\/11409\/revisions"}],"wp:featuredmedia":[{"embeddable":true,"href":"https:\/\/informacionlocal.es\/en\/wp-json\/wp\/v2\/media\/11411"}],"wp:attachment":[{"href":"https:\/\/informacionlocal.es\/en\/wp-json\/wp\/v2\/media?parent=11409"}],"wp:term":[{"taxonomy":"category","embeddable":true,"href":"https:\/\/informacionlocal.es\/en\/wp-json\/wp\/v2\/categories?post=11409"},{"taxonomy":"post_tag","embeddable":true,"href":"https:\/\/informacionlocal.es\/en\/wp-json\/wp\/v2\/tags?post=11409"}],"curies":[{"name":"wp","href":"https:\/\/api.w.org\/{rel}","templated":true}]}}