{"id":11403,"date":"2025-09-26T18:38:23","date_gmt":"2025-09-26T17:38:23","guid":{"rendered":"https:\/\/informacionlocal.es\/el-festival-cotilleando-sigue-conquistando-el-corazon-de-los-amantes-del-arte-en-su-10a-edicion\/"},"modified":"2025-09-26T18:38:23","modified_gmt":"2025-09-26T17:38:23","slug":"el-festival-cotilleando-sigue-conquistando-el-corazon-de-los-amantes-del-arte-en-su-10a-edicion","status":"publish","type":"post","link":"https:\/\/informacionlocal.es\/en\/el-festival-cotilleando-sigue-conquistando-el-corazon-de-los-amantes-del-arte-en-su-10a-edicion\/","title":{"rendered":"El Festival Cotilleando sigue conquistando el coraz\u00f3n de los amantes del arte en su 10\u00aa edici\u00f3n"},"content":{"rendered":"<p>El arte toma las calles un a\u00f1o m\u00e1s con el Festival Cotilleando los pr\u00f3ximos 10 y 11 de octubre. El encuentro art\u00edstico ya consolidado, celebra su 10\u00aa edici\u00f3n transformando las calles de El Cotillo, en un gran escenario al aire libre para el disfrute de disciplinas como magia, acrobacias, danza, circo contempor\u00e1neo, malabares entre otras. El objetivo final del Ayuntamiento de La Oliva, y en concreto, de la Concejal\u00eda de Cultura, que gestiona David Hern\u00e1ndez, es acercar la cultura a la calle, dinamizar el espacio cultural y fomentar la convivencia.<\/p>\n<p>As\u00ed pues, este a\u00f1o recorrer\u00e1n el casco hist\u00f3rico de la localidad costera artistas como Manu Mago Show, La Langosta \u2013 Circo Contempor\u00e1neo, Otro Aire \u2013 Danza Contempor\u00e1nea. Lullaby (Kabuari)\u2013 Circo Espect\u00e1culo completo, Akabaret \u2013 Mano a mano, Malabares y M\u00e1stil A\u00e9reo, X Latidos Tadeo Campanotto, Malabares Contact, Circo Clown \u2013 Thermo Parole y exposiciones entre otras sorpresas. Cabe se\u00f1alar que la direcci\u00f3n art\u00edstica corre a cargo de  Stefania Faga.<\/p>\n<p>El alcalde de La Oliva, Isa\u00ed Blanco manifiesta la importancia del festival y la voluntad de seguir trabajando por acercar el arte a las calles: \u201cYa no imaginamos un octubre en el que no se celebre el Festival Cotilleando. Su 10\u00aa edici\u00f3n as\u00ed lo confirma, vecinos y vecinas del municipio, as\u00ed como visitantes de El Cotillo disfrutar\u00e1n, un a\u00f1o m\u00e1s, de un encuentro \u00fanico que consigue sacar el arte a la calle y hacer que adultos y ni\u00f1os puedan disfrutar y descubrir diferentes disciplinas art\u00edsticas desde una perspectiva fuera de lo com\u00fan.\u201d <\/p>\n<p>Por su parte, el concejal de Cultura, David Hern\u00e1ndez destaca el car\u00e1cter especial del que goza el encuentro: \u201cCotilleando sigue robando el coraz\u00f3n de quienes se acercan a El Cotillo a\u00f1o tras a\u00f1o pues, en este evento el recorrido del arte es a la inversa. En este festival no son los asistentes quienes van hasta el teatro, las galer\u00edas de arte o el circo, sino que estas disciplinas son las que se acercan a ellos. Invitamos a locales y visitantes de la Isla que vengan a disfrutar de un rato con familia y amigos y que experimenten esta forma de ponerse en contacto con la magia, la danza, la pintura, el circo y otros espect\u00e1culos en una fecha para recordar.\u201d <\/p>\n<p>El gobierno local continua as\u00ed con el fomento del arte y el acercamiento a la cultura en sus diferentes disciplinas art\u00edsticas a trav\u00e9s de dos d\u00edas destinados al disfrute de un espect\u00e1culo sin igual en el municipio de La Oliva.<\/p>\n","protected":false},"excerpt":{"rendered":"<p><span>El casco hist\u00f3rico de El Cotillo vuelve a convertirse en el gran escenario de diferentes modalidades art\u00edsticas durante el 10 y 11 de octubre<\/span><\/p>\n","protected":false},"author":1,"featured_media":11405,"comment_status":"open","ping_status":"open","sticky":false,"template":"","format":"standard","meta":{"inline_featured_image":false,"jnews-multi-image_gallery":[],"jnews_single_post":[],"jnews_primary_category":[],"jnews_social_meta":[],"jnews_override_counter":[],"jnews_post_split":[],"footnotes":""},"categories":[62],"tags":[],"class_list":["post-11403","post","type-post","status-publish","format-standard","has-post-thumbnail","hentry","category-la-oliva"],"jetpack_featured_media_url":"https:\/\/informacionlocal.es\/wp-content\/uploads\/2025\/09\/5251_1c3914e2.png","_links":{"self":[{"href":"https:\/\/informacionlocal.es\/en\/wp-json\/wp\/v2\/posts\/11403","targetHints":{"allow":["GET"]}}],"collection":[{"href":"https:\/\/informacionlocal.es\/en\/wp-json\/wp\/v2\/posts"}],"about":[{"href":"https:\/\/informacionlocal.es\/en\/wp-json\/wp\/v2\/types\/post"}],"author":[{"embeddable":true,"href":"https:\/\/informacionlocal.es\/en\/wp-json\/wp\/v2\/users\/1"}],"replies":[{"embeddable":true,"href":"https:\/\/informacionlocal.es\/en\/wp-json\/wp\/v2\/comments?post=11403"}],"version-history":[{"count":0,"href":"https:\/\/informacionlocal.es\/en\/wp-json\/wp\/v2\/posts\/11403\/revisions"}],"wp:featuredmedia":[{"embeddable":true,"href":"https:\/\/informacionlocal.es\/en\/wp-json\/wp\/v2\/media\/11405"}],"wp:attachment":[{"href":"https:\/\/informacionlocal.es\/en\/wp-json\/wp\/v2\/media?parent=11403"}],"wp:term":[{"taxonomy":"category","embeddable":true,"href":"https:\/\/informacionlocal.es\/en\/wp-json\/wp\/v2\/categories?post=11403"},{"taxonomy":"post_tag","embeddable":true,"href":"https:\/\/informacionlocal.es\/en\/wp-json\/wp\/v2\/tags?post=11403"}],"curies":[{"name":"wp","href":"https:\/\/api.w.org\/{rel}","templated":true}]}}