{"id":11331,"date":"2025-09-25T13:00:26","date_gmt":"2025-09-25T12:00:26","guid":{"rendered":"https:\/\/informacionlocal.es\/fuerteventura-invitada-al-quinto-congreso-mundial-de-reservas-de-la-biosfera-en-china\/"},"modified":"2025-09-25T13:00:26","modified_gmt":"2025-09-25T12:00:26","slug":"fuerteventura-invitada-al-quinto-congreso-mundial-de-reservas-de-la-biosfera-en-china","status":"publish","type":"post","link":"https:\/\/informacionlocal.es\/en\/fuerteventura-invitada-al-quinto-congreso-mundial-de-reservas-de-la-biosfera-en-china\/","title":{"rendered":"Fuerteventura, invitada al quinto Congreso Mundial de Reservas de la Biosfera en China"},"content":{"rendered":"<div class=\"entry-content\"><strong>25 septiembre, 2025<\/strong><\/p>\n<p><em><strong>La Isla defiende su modelo de sostenibilidad y la apuesta revalorizar e integrar los espacios mar\u00edtimos y costeros en el foro que aprobar\u00e1 el Plan Estrat\u00e9gico del Programa MAB (Hombre y Biosfera) para el periodo 2026-2035<\/strong><\/em><\/p>\n<p>Fuerteventura participa como invitada en el quinto Congreso Mundial de Reservas de Biosfera de la\u00a0UNESCO, que se celebra del 22 al 26 de septiembre en Hangzhou, provincia de Zhejiang, en el este de China. La cita est\u00e1 considerada el foro global m\u00e1s importante del programa Man and the Biosphere (MAB), y se organiza cada diez a\u00f1os. En esta ocasi\u00f3n,\u00a0la isla tendr\u00e1 un papel destacado, con una importante intervenci\u00f3n en el evento principal de la Red Mundial de Reservas de Biosfera de Islas y Zonas Costeras.<\/p>\n<p>La Reserva de la Biosfera de Fuerteventura participa con una presentaci\u00f3n en la que se resumen los logros alcanzados en estas m\u00e1s de dos d\u00e9cadas desde su declaraci\u00f3n, subrayando tanto el desarrollo de los ejes principales que revalorizan y protegen los valores culturales, etnol\u00f3gicos, naturales, marinos, paisaj\u00edsticos y geol\u00f3gicos; como los avances en cuanto a la sensibilizaci\u00f3n de la poblaci\u00f3n y la implantaci\u00f3n de buenas pr\u00e1cticas, alineando los esfuerzos con marcos internacionales clave como el Marco Mundial para la Biodiversidad de Kunming-Montreal y el Acuerdo de Par\u00eds sobre el Cambio Clim\u00e1tico.<\/p>\n<p>\u201cEl objetivo del congreso es poner en com\u00fan la nueva estrategia global y el plan de acci\u00f3n del programa MAB para la pr\u00f3xima d\u00e9cada, y consideramos que Fuerteventura tiene mucho que aportar en la apuesta por la sostenibilidad y en resiliencia\u201d, se se\u00f1ala desde la Reserva de la Biosfera de Fuerteventura, subrayando que \u201ccon la participaci\u00f3n activa en este Congreso queremos reforzar el compromiso de nuestra isla y aprovechar la oportunidad para estrechar la colaboraci\u00f3n y las sinergias con otros territorios insulares y consolidar nuestro papel dentro de las diferentes redes\u00a0 y programas en los que estamos trabajando\u201d.<\/p>\n<p>El encuentro, organizado por la UNESCO, la Academia de Ciencias de China y el Gobierno Popular de la provincia de Zhejiang, re\u00fane a m\u00e1s de 2.000 participantes de todo el mundo entre cient\u00edficos, responsables pol\u00edticos, l\u00edderes comunitarios, emprendedores y conservacionistas, para debatir sobre biodiversidad, sostenibilidad, cambio clim\u00e1tico y otros retos globales, y tienen como objetivo dar forma al futuro de las m\u00e1s de 750 reserva de la biosfera que han sido declaradas en 136 pa\u00edses.<\/p>\n<p>Al finalizar, se aprobar\u00e1 el borrador definitivo del\u00a0Plan Estrat\u00e9gico de Acci\u00f3n del Programa MAB 2026-2035, que marcar\u00e1 la hoja de ruta de las reservas de biosfera durante los pr\u00f3ximos diez a\u00f1os.<\/p>\n<p>La Reserva de la Biosfera de Fuerteventura abarca la totalidad de la superficie terrestre de la isla y tambi\u00e9n de sus mares, hasta una distancia de entre cuatro y cinco millas de la costa. En su definici\u00f3n inicial y zonificaci\u00f3n se apoy\u00f3 en los espacios naturales protegidos preexistentes, y ha mantenido desde entonces un compromiso firme y continuado con la protecci\u00f3n de su medio ambiente y las actividades sostenibles. En la actualidad, apuesta por desarrollar la declaraci\u00f3n del Corredor Biol\u00f3gico de Ajuy y la Conferencia del Clima.\u00a0<\/p>\n<\/div>\n","protected":false},"excerpt":{"rendered":"<p>25 septiembre, 2025 La Isla defiende su modelo de sostenibilidad y la apuesta revalorizar e integrar los espacios mar\u00edtimos y costeros en el foro que aprobar\u00e1 el Plan Estrat\u00e9gico del [&hellip;]<\/p>\n","protected":false},"author":1,"featured_media":11333,"comment_status":"open","ping_status":"open","sticky":false,"template":"","format":"standard","meta":{"inline_featured_image":false,"jnews-multi-image_gallery":[],"jnews_single_post":[],"jnews_primary_category":[],"jnews_social_meta":[],"jnews_override_counter":[],"jnews_post_split":[],"footnotes":""},"categories":[58],"tags":[82,76],"class_list":["post-11331","post","type-post","status-publish","format-standard","has-post-thumbnail","hentry","category-cabildo","tag-fuerteventura","tag-medio-ambiente"],"jetpack_featured_media_url":"https:\/\/informacionlocal.es\/wp-content\/uploads\/2025\/09\/reserva-de-la-biosfera.jpeg","_links":{"self":[{"href":"https:\/\/informacionlocal.es\/en\/wp-json\/wp\/v2\/posts\/11331","targetHints":{"allow":["GET"]}}],"collection":[{"href":"https:\/\/informacionlocal.es\/en\/wp-json\/wp\/v2\/posts"}],"about":[{"href":"https:\/\/informacionlocal.es\/en\/wp-json\/wp\/v2\/types\/post"}],"author":[{"embeddable":true,"href":"https:\/\/informacionlocal.es\/en\/wp-json\/wp\/v2\/users\/1"}],"replies":[{"embeddable":true,"href":"https:\/\/informacionlocal.es\/en\/wp-json\/wp\/v2\/comments?post=11331"}],"version-history":[{"count":0,"href":"https:\/\/informacionlocal.es\/en\/wp-json\/wp\/v2\/posts\/11331\/revisions"}],"wp:featuredmedia":[{"embeddable":true,"href":"https:\/\/informacionlocal.es\/en\/wp-json\/wp\/v2\/media\/11333"}],"wp:attachment":[{"href":"https:\/\/informacionlocal.es\/en\/wp-json\/wp\/v2\/media?parent=11331"}],"wp:term":[{"taxonomy":"category","embeddable":true,"href":"https:\/\/informacionlocal.es\/en\/wp-json\/wp\/v2\/categories?post=11331"},{"taxonomy":"post_tag","embeddable":true,"href":"https:\/\/informacionlocal.es\/en\/wp-json\/wp\/v2\/tags?post=11331"}],"curies":[{"name":"wp","href":"https:\/\/api.w.org\/{rel}","templated":true}]}}