{"id":11325,"date":"2025-09-25T12:00:30","date_gmt":"2025-09-25T11:00:30","guid":{"rendered":"https:\/\/informacionlocal.es\/el-cabildo-publica-la-resolucion-provisional-de-las-ayudas-para-la-puesta-en-marcha-de-iniciativas-empresariales\/"},"modified":"2025-09-25T12:00:30","modified_gmt":"2025-09-25T11:00:30","slug":"el-cabildo-publica-la-resolucion-provisional-de-las-ayudas-para-la-puesta-en-marcha-de-iniciativas-empresariales","status":"publish","type":"post","link":"https:\/\/informacionlocal.es\/en\/el-cabildo-publica-la-resolucion-provisional-de-las-ayudas-para-la-puesta-en-marcha-de-iniciativas-empresariales\/","title":{"rendered":"El Cabildo publica la resoluci\u00f3n provisional de las ayudas para la puesta en marcha de iniciativas empresariales"},"content":{"rendered":"<div class=\"entry-content\"><strong>25 septiembre, 2025<\/strong><\/p>\n<p><strong><em>El plazo para la aceptaci\u00f3n de la subvenci\u00f3n est\u00e1 abierto hasta el 8 de octubre<\/em><\/strong><\/p>\n<p>El Cabildo de Fuerteventura, a trav\u00e9s de la Consejer\u00eda de Promoci\u00f3n Econ\u00f3mica, ha publicado la resoluci\u00f3n provisional de la l\u00ednea de ayudas para iniciativas empresariales, destinadas a apoyar proyectos que impulsen la actividad econ\u00f3mica y la generaci\u00f3n de empleo en la Isla.<\/p>\n<p>Las personas interesadas tienen hasta el 8 de octubre para aceptar la subvenci\u00f3n concedida. Toda la informaci\u00f3n puede ser consultada en la web del Cabildo:\u00a0https:\/\/www.cabildofuer.es\/cabildo\/atencion-al-ciudadano\/ayudas-becas-y-subvenciones\/promocion-economica\/subvenciones-para-la-puesta-en-marcha-de-iniciativas-empresariales\/iniciativas-empresariales-2025\/\u00a0\u00a0<\/p>\n<p>La consejera insular, Nuria Cabrera, pone en valor unas ayudas que tienen como objetivo impulsar el tejido empresarial majorero y mejorar la empleabilidad en la Isla. En esta convocatoria, seg\u00fan explica Cabrera, se han modificado las bases para otorgar mayor peso a las caracter\u00edsticas del proyecto dentro del contexto social y econ\u00f3mico actual. Se valoran especialmente aquellas propuestas que detectan nuevos nichos de mercado, apuestan por la innovaci\u00f3n, mejoran la competitividad y generan empleo de mayor valor a\u00f1adido. Tambi\u00e9n se considera el cumplimiento de criterios de sostenibilidad y el impacto positivo en el bienestar social<\/p>\n<p>Esta l\u00ednea de ayudas cuenta con fondos propios de la Corporaci\u00f3n insular y financiaci\u00f3n del Fondo de Desarrollo de Canarias (FDCAN).<\/p>\n<\/div>\n","protected":false},"excerpt":{"rendered":"<p>25 septiembre, 2025 El plazo para la aceptaci\u00f3n de la subvenci\u00f3n est\u00e1 abierto hasta el 8 de octubre El Cabildo de Fuerteventura, a trav\u00e9s de la Consejer\u00eda de Promoci\u00f3n Econ\u00f3mica, [&hellip;]<\/p>\n","protected":false},"author":1,"featured_media":11327,"comment_status":"open","ping_status":"open","sticky":false,"template":"","format":"standard","meta":{"inline_featured_image":false,"jnews-multi-image_gallery":[],"jnews_single_post":[],"jnews_primary_category":[],"jnews_social_meta":[],"jnews_override_counter":[],"jnews_post_split":[],"footnotes":""},"categories":[58],"tags":[82],"class_list":["post-11325","post","type-post","status-publish","format-standard","has-post-thumbnail","hentry","category-cabildo","tag-fuerteventura"],"jetpack_featured_media_url":"https:\/\/informacionlocal.es\/wp-content\/uploads\/2025\/09\/ayudas.jpeg","_links":{"self":[{"href":"https:\/\/informacionlocal.es\/en\/wp-json\/wp\/v2\/posts\/11325","targetHints":{"allow":["GET"]}}],"collection":[{"href":"https:\/\/informacionlocal.es\/en\/wp-json\/wp\/v2\/posts"}],"about":[{"href":"https:\/\/informacionlocal.es\/en\/wp-json\/wp\/v2\/types\/post"}],"author":[{"embeddable":true,"href":"https:\/\/informacionlocal.es\/en\/wp-json\/wp\/v2\/users\/1"}],"replies":[{"embeddable":true,"href":"https:\/\/informacionlocal.es\/en\/wp-json\/wp\/v2\/comments?post=11325"}],"version-history":[{"count":0,"href":"https:\/\/informacionlocal.es\/en\/wp-json\/wp\/v2\/posts\/11325\/revisions"}],"wp:featuredmedia":[{"embeddable":true,"href":"https:\/\/informacionlocal.es\/en\/wp-json\/wp\/v2\/media\/11327"}],"wp:attachment":[{"href":"https:\/\/informacionlocal.es\/en\/wp-json\/wp\/v2\/media?parent=11325"}],"wp:term":[{"taxonomy":"category","embeddable":true,"href":"https:\/\/informacionlocal.es\/en\/wp-json\/wp\/v2\/categories?post=11325"},{"taxonomy":"post_tag","embeddable":true,"href":"https:\/\/informacionlocal.es\/en\/wp-json\/wp\/v2\/tags?post=11325"}],"curies":[{"name":"wp","href":"https:\/\/api.w.org\/{rel}","templated":true}]}}