{"id":11313,"date":"2025-09-25T10:02:39","date_gmt":"2025-09-25T09:02:39","guid":{"rendered":"https:\/\/informacionlocal.es\/fuerteventura-recoge-propuestas-para-impulsar-en-el-medio-rural\/"},"modified":"2025-09-25T10:02:39","modified_gmt":"2025-09-25T09:02:39","slug":"fuerteventura-recoge-propuestas-para-impulsar-en-el-medio-rural","status":"publish","type":"post","link":"https:\/\/informacionlocal.es\/en\/fuerteventura-recoge-propuestas-para-impulsar-en-el-medio-rural\/","title":{"rendered":"Fuerteventura recoge propuestas para impulsar en el medio rural"},"content":{"rendered":"<div class=\"entry-content\"><strong>25 septiembre, 2025<\/strong><\/p>\n<p><strong><em>Tras el \u00e9xito del primer<br \/>\nencuentro de los \u2018proyectos paraguas\u2019 en La Oliva, se desarrollar\u00e1 una nueva<br \/>\ncharla el 1 de octubre en Puerto del Rosario<\/em><\/strong><\/p>\n<p>GDR Maxorata, la Consejer\u00eda de Agricultura, Ganader\u00eda y Pesca del Cabildo de Fuerteventura y la Direcci\u00f3n General de Agricultura del Gobierno de Canarias a trav\u00e9s del programa PEPAC 2023-2027, han desarrollado una primera reuni\u00f3n informativa sobre los \u2018proyectos paraguas\u2019, una f\u00f3rmula innovadora dise\u00f1ada para dar respuesta a necesidades concretas de grupos de personas f\u00edsicas que, al no constituirse como entidad jur\u00eddica, no tienen acceso directo a ayudas y subvenciones. \u00a0Esta nueva herramienta se enmarca en el programa Leader del PEPAC 2023-2027, dentro de la Estrategia de Desarrollo Local Participativo de la Isla.<\/p>\n<p>Bajo el t\u00edtulo \u2018Unidos bajo un mismo paraguas, construimos un<br \/>\nfuturo para el mundo rural\u2019, GDR Maxorata dio a conocer los tipos de ayudas que<br \/>\nse prestan al medio rural.<\/p>\n<p>Por un lado, se expusieron las subvenciones LEADER, a las que<br \/>\npueden acceder particulares, empresas, asociaciones y entidades p\u00fablicas, a<br \/>\nmodo de subvenci\u00f3n.<\/p>\n<p>Por otro, se dieron a conocer los proyectos paraguas, una<br \/>\nmodalidad novedosa en la que los fondos llegan directamente al GDR y es el<br \/>\ngrupo quien se hace cargo de la parte econ\u00f3mica de los proyectos solicitados<br \/>\npor la ciudadan\u00eda. <\/p>\n<p>Los encuentros contaron con una activa participaci\u00f3n vecinal, que<br \/>\naport\u00f3 propuestas en \u00e1mbitos como la educaci\u00f3n, el arraigo juvenil, la<br \/>\nvalorizaci\u00f3n del patrimonio cultural, la creaci\u00f3n de un banco de semillas y el<br \/>\nimpulso del desarrollo local. Tambi\u00e9n se debati\u00f3 sobre la recuperaci\u00f3n de<br \/>\ngavias, la necesidad de reforzar la comercializaci\u00f3n de productos hort\u00edcolas o<br \/>\nla gesti\u00f3n eficiente del agua, entre otros.<\/p>\n<p>Las ideas recogidas servir\u00e1n de base para futuros proyectos y<br \/>\nacciones a impulsar desde los proyectos paraguas o a trav\u00e9s de subvenciones<br \/>\nLEADER, fomentando la sostenibilidad, el desarrollo rural y la puesta en valor<br \/>\nde los recursos de Fuerteventura. Asimismo, se abordaron los retos<br \/>\nmedioambientales y agr\u00edcolas clave para Fuerteventura como la regeneraci\u00f3n de<br \/>\nsuelos, la gesti\u00f3n de restos vegetales o la mejora del paisaje agr\u00edcola majorero.<\/p>\n<p><strong>Nueva charla informativa<\/strong><\/p>\n<p>El pr\u00f3ximo mi\u00e9rcoles, 1 de octubre, se llevar\u00e1 a cabo una nueva<br \/>\ncharla informativa en el Centro de Arte Juan Ismael de Puerto del Rosario a las<br \/>\n10.00 horas para continuar con el compromiso de acercar estas oportunidades a<br \/>\nla ciudadan\u00eda.<\/p>\n<p>Con esta iniciativa, el Cabildo refuerza su compromiso con el<br \/>\ndesarrollo local, la participaci\u00f3n ciudadana y la creaci\u00f3n de oportunidades que<br \/>\nrespondan a las necesidades reales de la poblaci\u00f3n.<\/p>\n<\/div>\n","protected":false},"excerpt":{"rendered":"<p>25 septiembre, 2025 Tras el \u00e9xito del primer encuentro de los \u2018proyectos paraguas\u2019 en La Oliva, se desarrollar\u00e1 una nueva charla el 1 de octubre en Puerto del Rosario GDR [&hellip;]<\/p>\n","protected":false},"author":1,"featured_media":11315,"comment_status":"open","ping_status":"open","sticky":false,"template":"","format":"standard","meta":{"inline_featured_image":false,"jnews-multi-image_gallery":[],"jnews_single_post":[],"jnews_primary_category":[],"jnews_social_meta":[],"jnews_override_counter":[],"jnews_post_split":[],"footnotes":""},"categories":[58],"tags":[385,73,82],"class_list":["post-11313","post","type-post","status-publish","format-standard","has-post-thumbnail","hentry","category-cabildo","tag-agricultura","tag-educacion","tag-fuerteventura"],"jetpack_featured_media_url":"https:\/\/informacionlocal.es\/wp-content\/uploads\/2025\/09\/charlas-gdr-maxorata-1.jpeg","_links":{"self":[{"href":"https:\/\/informacionlocal.es\/en\/wp-json\/wp\/v2\/posts\/11313","targetHints":{"allow":["GET"]}}],"collection":[{"href":"https:\/\/informacionlocal.es\/en\/wp-json\/wp\/v2\/posts"}],"about":[{"href":"https:\/\/informacionlocal.es\/en\/wp-json\/wp\/v2\/types\/post"}],"author":[{"embeddable":true,"href":"https:\/\/informacionlocal.es\/en\/wp-json\/wp\/v2\/users\/1"}],"replies":[{"embeddable":true,"href":"https:\/\/informacionlocal.es\/en\/wp-json\/wp\/v2\/comments?post=11313"}],"version-history":[{"count":0,"href":"https:\/\/informacionlocal.es\/en\/wp-json\/wp\/v2\/posts\/11313\/revisions"}],"wp:featuredmedia":[{"embeddable":true,"href":"https:\/\/informacionlocal.es\/en\/wp-json\/wp\/v2\/media\/11315"}],"wp:attachment":[{"href":"https:\/\/informacionlocal.es\/en\/wp-json\/wp\/v2\/media?parent=11313"}],"wp:term":[{"taxonomy":"category","embeddable":true,"href":"https:\/\/informacionlocal.es\/en\/wp-json\/wp\/v2\/categories?post=11313"},{"taxonomy":"post_tag","embeddable":true,"href":"https:\/\/informacionlocal.es\/en\/wp-json\/wp\/v2\/tags?post=11313"}],"curies":[{"name":"wp","href":"https:\/\/api.w.org\/{rel}","templated":true}]}}