{"id":11295,"date":"2025-09-24T19:59:14","date_gmt":"2025-09-24T18:59:14","guid":{"rendered":"https:\/\/informacionlocal.es\/el-cabildo-de-fuerteventura-realiza-actuaciones-combinadas-con-el-ayuntamiento-de-tuineje\/"},"modified":"2025-09-24T19:59:14","modified_gmt":"2025-09-24T18:59:14","slug":"el-cabildo-de-fuerteventura-realiza-actuaciones-combinadas-con-el-ayuntamiento-de-tuineje","status":"publish","type":"post","link":"https:\/\/informacionlocal.es\/en\/el-cabildo-de-fuerteventura-realiza-actuaciones-combinadas-con-el-ayuntamiento-de-tuineje\/","title":{"rendered":"El Cabildo de Fuerteventura realiza actuaciones combinadas con el Ayuntamiento de Tuineje"},"content":{"rendered":"<div class=\"entry-content\"><strong>24 septiembre, 2025<\/strong><\/p>\n<p><em><strong>Entre las acciones destaca la habilitaci\u00f3n de espacios para el 285 aniversario de las Fiestas Juradas de San Miguel Arc\u00e1ngel<\/strong><\/em><\/p>\n<p>El Cabildo de Fuerteventura, a trav\u00e9s de Obras<br \/>\ny Maquinaria, se encuentra trabajando en diversas actuaciones en el pueblo de<br \/>\nTuineje, en coordinaci\u00f3n con la Concejal\u00eda de Obras y Servicios del<br \/>\nAyuntamiento. Una de las principales est\u00e1 relacionada con la habilitaci\u00f3n de<br \/>\nespacios para la celebraci\u00f3n del 285 aniversario de las Fiestas Juradas de San<br \/>\nMiguel Arc\u00e1ngel.<\/p>\n<p>La presidenta del Cabildo, Lola Garc\u00eda,<br \/>\ndestaca la necesaria coordinaci\u00f3n con los ayuntamientos, dentro del compromiso<br \/>\ndel Cabildo por mantener infraestructuras y espacios p\u00fablicos de todo el<br \/>\nterritorio insular. En este caso, adem\u00e1s, ante la celebraci\u00f3n de las Fiestas<br \/>\nJuradas de San Miguel, declaradas de Inter\u00e9s Tur\u00edstico Nacional y que se han<br \/>\nconsolidado como un importante reclamo hist\u00f3rico y cultural. <\/p>\n<p>El consejero de Obras y Maquinaria del<br \/>\nCabildo, Blas Acosta, recuerda que \u201cuna parte importante de nuestra<br \/>\nprogramaci\u00f3n de trabajo consiste en apoyar a los ayuntamientos para que<br \/>\nmantengan sus servicios e infraestructuras en las mejores condiciones, en<br \/>\nespecial en aquellas necesidades menores que se quedan fuera de las grandes<br \/>\nplanificaciones, ya que los ayuntamientos son las administraciones m\u00e1s cercanas<br \/>\na los ciudadanos\u201d.<\/p>\n<p>El concejal de Obras y Servicios del<br \/>\nAyuntamiento de Tuineje, Miguel And\u00fajar, agradece la colaboraci\u00f3n del Cabildo y<br \/>\ndestaca que \u201cla incorporaci\u00f3n de Obras y Maquinaria nos permite abordar con<br \/>\nmayor rapidez necesidades b\u00e1sicas de los vecinos y actuaciones de mayor calado<br \/>\npara el pueblo como ofrecer las mejores condiciones para sus Fiestas Juradas\u201d.<\/p>\n<p>En este contexto, el personal y la maquinaria<br \/>\nde ambas administraciones se encuentran adecentando aquellos solares donde<br \/>\ntendr\u00e1n lugar los eventos del 285 aniversario de las Fiestas Juradas de San<br \/>\nMiguel Arc\u00e1ngel y, por tanto, donde se concentrar\u00e1n los asistentes. Se est\u00e1n<br \/>\neliminando elementos potencialmente peligrosos para la concentraci\u00f3n de<br \/>\npersonas y adecentando esos espacios.<\/p>\n<p>Los trabajos combinados de estos d\u00edas incluyen<br \/>\notro tipo de actuaciones que mejoran la calidad de vida de los vecinos, como la<br \/>\nrealizaci\u00f3n de acometidas de saneamiento.<\/p>\n<\/div>\n","protected":false},"excerpt":{"rendered":"<p>24 septiembre, 2025 Entre las acciones destaca la habilitaci\u00f3n de espacios para el 285 aniversario de las Fiestas Juradas de San Miguel Arc\u00e1ngel El Cabildo de Fuerteventura, a trav\u00e9s de [&hellip;]<\/p>\n","protected":false},"author":1,"featured_media":11297,"comment_status":"open","ping_status":"open","sticky":false,"template":"","format":"standard","meta":{"inline_featured_image":false,"jnews-multi-image_gallery":[],"jnews_single_post":[],"jnews_primary_category":[],"jnews_social_meta":[],"jnews_override_counter":[],"jnews_post_split":[],"footnotes":""},"categories":[58],"tags":[69,82],"class_list":["post-11295","post","type-post","status-publish","format-standard","has-post-thumbnail","hentry","category-cabildo","tag-eventos","tag-fuerteventura"],"jetpack_featured_media_url":"https:\/\/informacionlocal.es\/wp-content\/uploads\/2025\/09\/1758715556-8dedfc56774c289155362c6c3664a2d4.jpg","_links":{"self":[{"href":"https:\/\/informacionlocal.es\/en\/wp-json\/wp\/v2\/posts\/11295","targetHints":{"allow":["GET"]}}],"collection":[{"href":"https:\/\/informacionlocal.es\/en\/wp-json\/wp\/v2\/posts"}],"about":[{"href":"https:\/\/informacionlocal.es\/en\/wp-json\/wp\/v2\/types\/post"}],"author":[{"embeddable":true,"href":"https:\/\/informacionlocal.es\/en\/wp-json\/wp\/v2\/users\/1"}],"replies":[{"embeddable":true,"href":"https:\/\/informacionlocal.es\/en\/wp-json\/wp\/v2\/comments?post=11295"}],"version-history":[{"count":0,"href":"https:\/\/informacionlocal.es\/en\/wp-json\/wp\/v2\/posts\/11295\/revisions"}],"wp:featuredmedia":[{"embeddable":true,"href":"https:\/\/informacionlocal.es\/en\/wp-json\/wp\/v2\/media\/11297"}],"wp:attachment":[{"href":"https:\/\/informacionlocal.es\/en\/wp-json\/wp\/v2\/media?parent=11295"}],"wp:term":[{"taxonomy":"category","embeddable":true,"href":"https:\/\/informacionlocal.es\/en\/wp-json\/wp\/v2\/categories?post=11295"},{"taxonomy":"post_tag","embeddable":true,"href":"https:\/\/informacionlocal.es\/en\/wp-json\/wp\/v2\/tags?post=11295"}],"curies":[{"name":"wp","href":"https:\/\/api.w.org\/{rel}","templated":true}]}}