{"id":11259,"date":"2025-09-24T15:58:41","date_gmt":"2025-09-24T14:58:41","guid":{"rendered":"https:\/\/informacionlocal.es\/comienzan-las-fiestas-de-casillas-de-morales-en-honor-a-san-roque\/"},"modified":"2025-09-24T15:58:41","modified_gmt":"2025-09-24T14:58:41","slug":"comienzan-las-fiestas-de-casillas-de-morales-en-honor-a-san-roque","status":"publish","type":"post","link":"https:\/\/informacionlocal.es\/en\/comienzan-las-fiestas-de-casillas-de-morales-en-honor-a-san-roque\/","title":{"rendered":"Comienzan las Fiestas de Casillas de Morales en Honor a San Roque"},"content":{"rendered":"<div class=\"elementor-widget-container\">\n<p><strong>Comienzan las Fiestas de Casillas de Morales en Honor a San Roque<\/strong><\/p>\n<p><strong>\u2022 Las Fiestas de Casillas de Morales en Honor a San Roque y los peregrinos de La Matilla se celebran desde este jueves 25 al domingo 28 de septiembre. <\/strong><br \/><strong>\u2022 Este viernes 26 a las 20:00 horas Gran Baile de Taifas y Brindis para todos los asistentes, seguido de las actuaciones de Son de anta\u00f1o, La Seren\u00e1 y el grupo Gente Nueva.<\/strong><br \/><strong>\u2022 Las veloces Tartanas se dejan caer por la Cuesta del Cantil este s\u00e1bado 27 desde 13:30 horas.<\/strong><\/p>\n<p>Casillas de Morales celebra sus fiestas patronales este fin de semana, y lo hace con tradici\u00f3n de Baile de Taifas, parrandeo, verbenas de noche y del solajero, adem\u00e1s de la famosa por velocidad en la ca\u00edda de los inventos m\u00e1s extra\u00f1os con ruedas, las Tartanas que vuelven a lanzarse por la cuesta el Cantil, afirma el alcalde, Mat\u00edas Pe\u00f1a Garc\u00eda, felicitando el trabajo realizado y coordinado desde la Comisi\u00f3n de Fiestas y la concejal\u00eda de Festejos del Ayuntamiento de Antigua.<\/p>\n<p>Las Fiestas en Honor a San Roque y los Peregrinos de La Matilla comienzan este jueves con el engalanamiento de la plaza y actividades infantiles por la tarde, se\u00f1ala el concejal Pedro M. Armas Mart\u00edn, que destaca el Gran Baile de Taifas en el que la tradici\u00f3n invita a asistir con atuendo canario y en el que habr\u00e1 un brindis popular para todas y todos los asistentes. Tras el Baile de Taifas las actuaciones hasta la madrugada de Son de Anta\u00f1o, La Seren\u00e1 y Gente Nueva.<\/p>\n<p>El s\u00e1bado se celebra con una intensa programaci\u00f3n que comienza a las 09:30 horas con la carrera de podencos organizada por la Asociaci\u00f3n de Cazadores de Antigua, seguida a las 11:00 horas de una Fiesta Infantil que termina con pasacalles de la Batucada junto a la plaza avisando que comienza la cita de las Tartanas m\u00e1s imaginativas y veloces que se dejar\u00e1n caer a toda velocidad por la cuesta del Cantil a partir de las 13:30 horas.<\/p>\n<p>Para recuperar el aliento y re\u00edrnos de la carrera, se\u00f1ala el concejal Armas Mart\u00edn, se ofrece un Brindis de Celebraci\u00f3n a las 14:30 horas con Verbena de Solajero y actuaciones hasta la noche de Son de Anta\u00f1o, EN-Klave, Laly Lean, Kalibre y cerrando la noche desde las 23:00 horas, Grupo Bomba y Su Orquesta.<\/p>\n<p>Ser\u00e1 el domingo 28 de septiembre a las 13:00 horas, cuando tengan lugar los oficios en Honor a San Roque, amenizados con la parranda La Tafe\u00f1a.<\/p>\n<\/div>\n","protected":false},"excerpt":{"rendered":"<p><strong>Comienzan las Fiestas de Casillas de Morales en Honor a San Roque<\/strong><\/p>\n","protected":false},"author":1,"featured_media":11261,"comment_status":"open","ping_status":"open","sticky":false,"template":"","format":"standard","meta":{"inline_featured_image":false,"jnews-multi-image_gallery":[],"jnews_single_post":[],"jnews_primary_category":[],"jnews_social_meta":[],"jnews_override_counter":[],"jnews_post_split":[],"footnotes":""},"categories":[59],"tags":[],"class_list":["post-11259","post","type-post","status-publish","format-standard","has-post-thumbnail","hentry","category-antigua"],"jetpack_featured_media_url":"https:\/\/informacionlocal.es\/wp-content\/uploads\/2025\/09\/img-20250917-wa0005.jpg","_links":{"self":[{"href":"https:\/\/informacionlocal.es\/en\/wp-json\/wp\/v2\/posts\/11259","targetHints":{"allow":["GET"]}}],"collection":[{"href":"https:\/\/informacionlocal.es\/en\/wp-json\/wp\/v2\/posts"}],"about":[{"href":"https:\/\/informacionlocal.es\/en\/wp-json\/wp\/v2\/types\/post"}],"author":[{"embeddable":true,"href":"https:\/\/informacionlocal.es\/en\/wp-json\/wp\/v2\/users\/1"}],"replies":[{"embeddable":true,"href":"https:\/\/informacionlocal.es\/en\/wp-json\/wp\/v2\/comments?post=11259"}],"version-history":[{"count":0,"href":"https:\/\/informacionlocal.es\/en\/wp-json\/wp\/v2\/posts\/11259\/revisions"}],"wp:featuredmedia":[{"embeddable":true,"href":"https:\/\/informacionlocal.es\/en\/wp-json\/wp\/v2\/media\/11261"}],"wp:attachment":[{"href":"https:\/\/informacionlocal.es\/en\/wp-json\/wp\/v2\/media?parent=11259"}],"wp:term":[{"taxonomy":"category","embeddable":true,"href":"https:\/\/informacionlocal.es\/en\/wp-json\/wp\/v2\/categories?post=11259"},{"taxonomy":"post_tag","embeddable":true,"href":"https:\/\/informacionlocal.es\/en\/wp-json\/wp\/v2\/tags?post=11259"}],"curies":[{"name":"wp","href":"https:\/\/api.w.org\/{rel}","templated":true}]}}