{"id":11241,"date":"2025-09-24T12:58:23","date_gmt":"2025-09-24T11:58:23","guid":{"rendered":"https:\/\/informacionlocal.es\/el-cabildo-de-fuerteventura-libera-un-ejemplar-de-guirre-tras-su-recuperacion\/"},"modified":"2025-09-24T12:58:23","modified_gmt":"2025-09-24T11:58:23","slug":"el-cabildo-de-fuerteventura-libera-un-ejemplar-de-guirre-tras-su-recuperacion","status":"publish","type":"post","link":"https:\/\/informacionlocal.es\/en\/el-cabildo-de-fuerteventura-libera-un-ejemplar-de-guirre-tras-su-recuperacion\/","title":{"rendered":"El Cabildo de Fuerteventura libera un ejemplar de guirre tras su recuperaci\u00f3n"},"content":{"rendered":"<div class=\"entry-content\"><strong>24 septiembre, 2025<\/strong><\/p>\n<p><strong><em>El ejemplar fue hallado en la zona de Tesjuate con fractura de h\u00famero y se recuper\u00f3 en la Estaci\u00f3n Biol\u00f3gica de La Oliva tras recibir cirug\u00eda<\/em><\/strong><\/p>\n<p>El Cabildo de Fuerteventura, a trav\u00e9s de la Consejer\u00eda de Medio Ambiente, ha puesto en libertad un guirre (<em>Neophron percnopterus)<\/em>. El ejemplar fue hallado el pasado 10 de mayo en una rotonda de la localidad de Tesjuate, en el municipio de Puerto del Rosario, gracias a diversos avisos de la ciudadan\u00eda. El guirre presentaba da\u00f1os graves como fractura del hueso h\u00famero izquierdo por causa desconocida.<\/p>\n<p>Una vez practicada la cirug\u00eda necesaria, el ejemplar fue trasladado al Centro de Recuperaci\u00f3n de la Estaci\u00f3n Biol\u00f3gica de La Oliva, donde recibi\u00f3 tratamiento y fisioterapia para su recuperaci\u00f3n. En particular, la zona del centro de recuperaci\u00f3n de fauna silvestre se enfoca en aquellos animales que son internados por diversas circunstancias y requieren de atenci\u00f3n especializada, siendo el principal objetivo regresarlos a su medio natural, tras los cuidados necesarios.<\/p>\n<p>El consejero de Medio Ambiente, Carlos Rodr\u00edguez, ha se\u00f1alado que \u201cla recuperaci\u00f3n y suelta de este guirre es fruto del esfuerzo colectivo por proteger nuestro patrimonio natural, demostrando la eficacia de los protocolos de rescate y rehabilitaci\u00f3n aplicados por los equipos especializados\u201d.<\/p>\n<p>Asimismo, Rodr\u00edguez destaca la importancia de la colaboraci\u00f3n ciudadana, que es vital para la recuperaci\u00f3n de la especie. Desde el \u00e1rea de Medio Ambiente se recuerda avisar al 112 en caso de hallazgo de especies accidentadas, para garantizar su atenci\u00f3n y contribuir a su conservaci\u00f3n.<\/p>\n<p>Fuerteventura cuenta con alrededor de 400 ejemplares de guirre, de los cuales el 50% son reproductores. Un dato positivo es que, cada a\u00f1o, se incrementa la poblaci\u00f3n en una veintena de guirres, que llegan a edad adulta. Esto es posible gracias al esfuerzo por proteger la especie que se realiza desde el Cabildo de Fuerteventura y Gobierno de Canarias, la ciudadan\u00eda, as\u00ed como la se\u00f1al\u00e9tica informativa instalada.<\/p>\n<\/div>\n","protected":false},"excerpt":{"rendered":"<p>24 septiembre, 2025 El ejemplar fue hallado en la zona de Tesjuate con fractura de h\u00famero y se recuper\u00f3 en la Estaci\u00f3n Biol\u00f3gica de La Oliva tras recibir cirug\u00eda El [&hellip;]<\/p>\n","protected":false},"author":1,"featured_media":11243,"comment_status":"open","ping_status":"open","sticky":false,"template":"","format":"standard","meta":{"inline_featured_image":false,"jnews-multi-image_gallery":[],"jnews_single_post":[],"jnews_primary_category":[],"jnews_social_meta":[],"jnews_override_counter":[],"jnews_post_split":[],"footnotes":""},"categories":[58],"tags":[82,76],"class_list":["post-11241","post","type-post","status-publish","format-standard","has-post-thumbnail","hentry","category-cabildo","tag-fuerteventura","tag-medio-ambiente"],"jetpack_featured_media_url":"https:\/\/informacionlocal.es\/wp-content\/uploads\/2025\/09\/1758711236-a574e3a0df908f8a748b31f6fd2d5bde.jpg","_links":{"self":[{"href":"https:\/\/informacionlocal.es\/en\/wp-json\/wp\/v2\/posts\/11241","targetHints":{"allow":["GET"]}}],"collection":[{"href":"https:\/\/informacionlocal.es\/en\/wp-json\/wp\/v2\/posts"}],"about":[{"href":"https:\/\/informacionlocal.es\/en\/wp-json\/wp\/v2\/types\/post"}],"author":[{"embeddable":true,"href":"https:\/\/informacionlocal.es\/en\/wp-json\/wp\/v2\/users\/1"}],"replies":[{"embeddable":true,"href":"https:\/\/informacionlocal.es\/en\/wp-json\/wp\/v2\/comments?post=11241"}],"version-history":[{"count":0,"href":"https:\/\/informacionlocal.es\/en\/wp-json\/wp\/v2\/posts\/11241\/revisions"}],"wp:featuredmedia":[{"embeddable":true,"href":"https:\/\/informacionlocal.es\/en\/wp-json\/wp\/v2\/media\/11243"}],"wp:attachment":[{"href":"https:\/\/informacionlocal.es\/en\/wp-json\/wp\/v2\/media?parent=11241"}],"wp:term":[{"taxonomy":"category","embeddable":true,"href":"https:\/\/informacionlocal.es\/en\/wp-json\/wp\/v2\/categories?post=11241"},{"taxonomy":"post_tag","embeddable":true,"href":"https:\/\/informacionlocal.es\/en\/wp-json\/wp\/v2\/tags?post=11241"}],"curies":[{"name":"wp","href":"https:\/\/api.w.org\/{rel}","templated":true}]}}