{"id":11161,"date":"2025-09-23T12:59:44","date_gmt":"2025-09-23T11:59:44","guid":{"rendered":"https:\/\/informacionlocal.es\/la-oliva-impulsa-el-futuro-profesional-con-las-iii-jornadas-empleabilidad\/"},"modified":"2025-09-23T12:59:44","modified_gmt":"2025-09-23T11:59:44","slug":"la-oliva-impulsa-el-futuro-profesional-con-las-iii-jornadas-empleabilidad","status":"publish","type":"post","link":"https:\/\/informacionlocal.es\/en\/la-oliva-impulsa-el-futuro-profesional-con-las-iii-jornadas-empleabilidad\/","title":{"rendered":"La Oliva impulsa el futuro profesional con las III Jornadas Empleabilidad"},"content":{"rendered":"<p>Bajo el lema \u2018En mi futuro profesional, yo tengo las riendas\u2019 el Ayuntamiento de La Oliva presenta, a trav\u00e9s de la Concejal\u00eda de Desarrollo Local, con Alexandra Mart\u00edn al frente, las III Jornadas Empleabilidad en el municipio. El encuentro, que se desarrollar\u00e1 del 29 de septiembre al 2 de octubre, pretende acercar a la poblaci\u00f3n los recursos disponibles en materia de empleo, formaci\u00f3n, talleres y otros actos que permitan poner a disposici\u00f3n de los asistentes toda la informaci\u00f3n disponible que les lleve a mejorar su carrera profesional. <\/p>\n<p>Las jornadas buscan crear oportunidades en diferentes sectores de la poblaci\u00f3n como j\u00f3venes, emprendedores, empresas, centros educativos y aquellas personas que se encuentren en b\u00fasqueda activa de empleo. Durante estos d\u00edas, los participantes disfrutar\u00e1n de talleres pr\u00e1cticos, charlas, mesas redondas, que tocar\u00e1n diferentes temas de este \u00e1rea como la elaboraci\u00f3n de un curr\u00edculum inclusivo, el esp\u00edritu emprendedor, competencias profesionales, adem\u00e1s de los retos y oportunidades de empleo propios del norte de Fuerteventura. <\/p>\n<p>El alcalde de La Oliva, Isa\u00ed Blanco, puso de relieve la oportunidad que ofrece la asistencia a este encuentro: \u201cLos participantes de la ya tercera edici\u00f3n de las Jornadas Empleabilidad podr\u00e1n sacar el m\u00e1ximo partido a este evento que pretende ayudar a diferentes grupos poblacionales a encontrar empleo, mejorar sus conocimientos y expandirse profesionalmente.\u201d <\/p>\n<p>Por su parte, la concejala de Desarrollo Local, Alexandra Mart\u00edn, explic\u00f3: \u201cQuiero destacar especialmente la implicaci\u00f3n de las empresas y entidades que colaboran, as\u00ed como la oportunidad que tendr\u00e1n los y las participantes de entregar directamente su curr\u00edculum a compa\u00f1\u00edas que est\u00e1n en proceso de contrataci\u00f3n. Es una forma real y directa de conectar el talento local con el tejido empresarial. Nuestro lema, \u2018Yo tengo las riendas en mi futuro profesional\u2019, refleja la esencia de estas jornadas: empoderar a las personas para que sean protagonistas de su propio camino.\u201d <\/p>\n<p>\u201cInvito a todas y todos a participar activamente, aprovechar los recursos que ponemos a su disposici\u00f3n y a seguir construyendo juntos un municipio m\u00e1s pr\u00f3spero, din\u00e1mico y con m\u00e1s oportunidades para todos.\u201d se\u00f1al\u00f3 Mart\u00edn. <\/p>\n<p>Con estas jornadas, el Consistorio reafirma su compromiso de acompa\u00f1ar a la ciudadan\u00eda en la construcci\u00f3n de su futuro laboral, fomentando la empleabilidad, el autoempleo y el desarrollo econ\u00f3mico del municipio.<\/p>\n","protected":false},"excerpt":{"rendered":"<p><span>Los asistentes podr\u00e1n disfrutar de un encuentro destinado a mejorar el acceso al empleo del 29 de septiembre al 2 de octubre<\/span><\/p>\n","protected":false},"author":1,"featured_media":11163,"comment_status":"open","ping_status":"open","sticky":false,"template":"","format":"standard","meta":{"inline_featured_image":false,"jnews-multi-image_gallery":[],"jnews_single_post":[],"jnews_primary_category":[],"jnews_social_meta":[],"jnews_override_counter":[],"jnews_post_split":[],"footnotes":""},"categories":[62],"tags":[82],"class_list":["post-11161","post","type-post","status-publish","format-standard","has-post-thumbnail","hentry","category-la-oliva","tag-fuerteventura"],"jetpack_featured_media_url":"https:\/\/informacionlocal.es\/wp-content\/uploads\/2025\/09\/5247_6e5e0d3d.png","_links":{"self":[{"href":"https:\/\/informacionlocal.es\/en\/wp-json\/wp\/v2\/posts\/11161","targetHints":{"allow":["GET"]}}],"collection":[{"href":"https:\/\/informacionlocal.es\/en\/wp-json\/wp\/v2\/posts"}],"about":[{"href":"https:\/\/informacionlocal.es\/en\/wp-json\/wp\/v2\/types\/post"}],"author":[{"embeddable":true,"href":"https:\/\/informacionlocal.es\/en\/wp-json\/wp\/v2\/users\/1"}],"replies":[{"embeddable":true,"href":"https:\/\/informacionlocal.es\/en\/wp-json\/wp\/v2\/comments?post=11161"}],"version-history":[{"count":0,"href":"https:\/\/informacionlocal.es\/en\/wp-json\/wp\/v2\/posts\/11161\/revisions"}],"wp:featuredmedia":[{"embeddable":true,"href":"https:\/\/informacionlocal.es\/en\/wp-json\/wp\/v2\/media\/11163"}],"wp:attachment":[{"href":"https:\/\/informacionlocal.es\/en\/wp-json\/wp\/v2\/media?parent=11161"}],"wp:term":[{"taxonomy":"category","embeddable":true,"href":"https:\/\/informacionlocal.es\/en\/wp-json\/wp\/v2\/categories?post=11161"},{"taxonomy":"post_tag","embeddable":true,"href":"https:\/\/informacionlocal.es\/en\/wp-json\/wp\/v2\/tags?post=11161"}],"curies":[{"name":"wp","href":"https:\/\/api.w.org\/{rel}","templated":true}]}}