{"id":11149,"date":"2025-09-23T00:00:42","date_gmt":"2025-09-22T23:00:42","guid":{"rendered":"https:\/\/informacionlocal.es\/celebrada-la-tradicional-ofrenda-de-nuestra-senora-de-la-pena\/"},"modified":"2025-09-23T00:00:42","modified_gmt":"2025-09-22T23:00:42","slug":"celebrada-la-tradicional-ofrenda-de-nuestra-senora-de-la-pena","status":"publish","type":"post","link":"https:\/\/informacionlocal.es\/en\/celebrada-la-tradicional-ofrenda-de-nuestra-senora-de-la-pena\/","title":{"rendered":"Celebrada la tradicional Ofrenda de Nuestra Se\u00f1ora de La Pe\u00f1a"},"content":{"rendered":"<div class=\"entry-content\"><strong>19 septiembre, 2025<\/strong><\/p>\n<p>Peregrinos procedentes de todos los rincones de Fuerteventura han llegado hasta la Vega de R\u00edo Palmas, en el marco de las Fiestas en Honor a Nuestra Se\u00f1ora de La Pe\u00f1a. Como ocurre cada tercer fin de semana del mes de septiembre, el Santuario de la Virgen de La Pe\u00f1a acogi\u00f3 la tradicional, <a>\u00e7<\/a>con la participaci\u00f3n institucional del Cabildo de Fuerteventura y los seis ayuntamientos, agrupaciones folcl\u00f3ricas y asociaciones vecinales.<\/p>\n<p>El acto comenz\u00f3 con una exhibici\u00f3n a cargo de la Federaci\u00f3n Canaria del Juego del Palo.\u00a0La ofrenda del Cabildo de Fuerteventura estuvo encabezada por la presidenta insular, Lola Garc\u00eda, y la consejera de Turismo del Gobierno de Canarias, Jessica de Le\u00f3n, acompa\u00f1ados por la Agrupaci\u00f3n Folcl\u00f3rica de Tetir.<\/p>\n<p>A continuaci\u00f3n, entregaron su ofrenda el Ayuntamiento de Betancuria acompa\u00f1ado por la agrupaci\u00f3n Morro de la Cruz, el Ayuntamiento de Antigua con la rondalla de su Centro de Mayores, el Ayuntamiento de Puerto del Rosario con A.F. La Pion\u00e1, el Ayuntamiento de Tuineje con Parranda Manitaga y Grupo de Baile Farroga, Ayuntamiento de P\u00e1jara con parranda La Sebada y Ayuntamiento de La Oliva.<\/p>\n<p>Tambi\u00e9n participaron los Amigos Parranderos de la Romer\u00eda de La Pe\u00f1a y Asociaci\u00f3n de Vecinos de Tef\u00eda Facay y colectivo La Alcogida, junto a la parranda Merita La Pena, as\u00ed como una amplia representaci\u00f3n de voluntarios de protecci\u00f3n civil de los diferentes municipios.<\/p>\n<p>Una vez finalizada la Ofrenda, se dio paso a la actuaci\u00f3n de \u2018Parranda Son de Anta\u00f1o\u2019 seguido del grupo \u2018Que Chimba\u2019, los fuegos artificiales y la gran verbena a cargo de \u2018Edwin Rivera y orquesta\u2019, \u2018Grupo Arena\u2019 y \u2018Kandela\u2019.<\/p>\n<\/div>\n","protected":false},"excerpt":{"rendered":"<p>19 septiembre, 2025 Peregrinos procedentes de todos los rincones de Fuerteventura han llegado hasta la Vega de R\u00edo Palmas, en el marco de las Fiestas en Honor a Nuestra Se\u00f1ora [&hellip;]<\/p>\n","protected":false},"author":1,"featured_media":11151,"comment_status":"open","ping_status":"open","sticky":false,"template":"","format":"standard","meta":{"inline_featured_image":false,"jnews-multi-image_gallery":[],"jnews_single_post":[],"jnews_primary_category":[],"jnews_social_meta":[],"jnews_override_counter":[],"jnews_post_split":[],"footnotes":""},"categories":[58],"tags":[82,65],"class_list":["post-11149","post","type-post","status-publish","format-standard","has-post-thumbnail","hentry","category-cabildo","tag-fuerteventura","tag-municipios"],"jetpack_featured_media_url":"https:\/\/informacionlocal.es\/wp-content\/uploads\/2025\/09\/1758525474-c58bb2740abc37524a3cdf74e381bee1.jpg","_links":{"self":[{"href":"https:\/\/informacionlocal.es\/en\/wp-json\/wp\/v2\/posts\/11149","targetHints":{"allow":["GET"]}}],"collection":[{"href":"https:\/\/informacionlocal.es\/en\/wp-json\/wp\/v2\/posts"}],"about":[{"href":"https:\/\/informacionlocal.es\/en\/wp-json\/wp\/v2\/types\/post"}],"author":[{"embeddable":true,"href":"https:\/\/informacionlocal.es\/en\/wp-json\/wp\/v2\/users\/1"}],"replies":[{"embeddable":true,"href":"https:\/\/informacionlocal.es\/en\/wp-json\/wp\/v2\/comments?post=11149"}],"version-history":[{"count":0,"href":"https:\/\/informacionlocal.es\/en\/wp-json\/wp\/v2\/posts\/11149\/revisions"}],"wp:featuredmedia":[{"embeddable":true,"href":"https:\/\/informacionlocal.es\/en\/wp-json\/wp\/v2\/media\/11151"}],"wp:attachment":[{"href":"https:\/\/informacionlocal.es\/en\/wp-json\/wp\/v2\/media?parent=11149"}],"wp:term":[{"taxonomy":"category","embeddable":true,"href":"https:\/\/informacionlocal.es\/en\/wp-json\/wp\/v2\/categories?post=11149"},{"taxonomy":"post_tag","embeddable":true,"href":"https:\/\/informacionlocal.es\/en\/wp-json\/wp\/v2\/tags?post=11149"}],"curies":[{"name":"wp","href":"https:\/\/api.w.org\/{rel}","templated":true}]}}